{"id":100012,"date":"2023-06-16T22:24:16","date_gmt":"2023-06-17T03:24:16","guid":{"rendered":"http:\/\/diariodigitalmx.com\/?p=100012"},"modified":"2023-06-16T22:25:00","modified_gmt":"2023-06-17T03:25:00","slug":"planeaba-masacre-lo-detienen-en-michigan","status":"publish","type":"post","link":"https:\/\/diariodigitalmx.com\/index.php\/2023\/06\/16\/planeaba-masacre-lo-detienen-en-michigan\/","title":{"rendered":"Planeaba masacre, lo detienen en Michigan"},"content":{"rendered":"\n<p><br>Por Rogelio Romero<br>Estados Unidos.- Agentes del FBI detuvieron a Seann Patrick Pietila, quien planeaba perpetrar una masacre en una sinagoga que se ubica en la parte este de la poblaci\u00f3n de Lansing, en Michigan.<br>Tras ser detenido por las autoridades federales el sujeto confes\u00f3<br>que \u00e9l era el usuario de Instagram que hab\u00eda hecho amenazas antisemitas contra la comunidad jud\u00eda local- La masacre aparentemente estaba planeada para ejecutarse el 15 de marzo del 2024 en la sinagoga Shaarey Zadek.<br>El extremista tomaba como ejemplo la masacre perpetrada contra una comunidad religiosa en Nueva Zelanda, y que ocurri\u00f3 el 15 de marzo del 2019.<br>Los agentes federales encontraron dentro de la propiedad donde viv\u00eda Pietila varias armas de fuego, municiones, material para manufacturar bombas caseras, mascaras y una bandera nazi.<br>Entre las armas que se le encontraron est\u00e1n un rifle recortado 12- Gouge, otro rifle calibre .22 y una pistola Sig Sauer calibre .40<br>Pietila en sus comentarios en Instagram, tambi\u00e9n hacia referencia a otra masacre perpetrada en Noruega por un sujeto extremista.<br>El sujeto est\u00e1 bajo resguardo de las autoridades federales.<\/p>\n","protected":false},"excerpt":{"rendered":"<p>Por Rogelio RomeroEstados Unidos.- Agentes del FBI detuvieron a Seann Patrick Pietila, quien planeaba perpetrar una masacre en una sinagoga que se ubica en la parte este de la poblaci\u00f3n de Lansing, en Michigan.Tras ser detenido por las autoridades federales el sujeto confes\u00f3que \u00e9l era el usuario de Instagram que hab\u00eda hecho amenazas antisemitas contra [&hellip;]<\/p>\n","protected":false},"author":1,"featured_media":100014,"comment_status":"open","ping_status":"open","sticky":true,"template":"","format":"standard","meta":{"footnotes":""},"categories":[14,4],"tags":[],"_links":{"self":[{"href":"https:\/\/diariodigitalmx.com\/index.php\/wp-json\/wp\/v2\/posts\/100012"}],"collection":[{"href":"https:\/\/diariodigitalmx.com\/index.php\/wp-json\/wp\/v2\/posts"}],"about":[{"href":"https:\/\/diariodigitalmx.com\/index.php\/wp-json\/wp\/v2\/types\/post"}],"author":[{"embeddable":true,"href":"https:\/\/diariodigitalmx.com\/index.php\/wp-json\/wp\/v2\/users\/1"}],"replies":[{"embeddable":true,"href":"https:\/\/diariodigitalmx.com\/index.php\/wp-json\/wp\/v2\/comments?post=100012"}],"version-history":[{"count":1,"href":"https:\/\/diariodigitalmx.com\/index.php\/wp-json\/wp\/v2\/posts\/100012\/revisions"}],"predecessor-version":[{"id":100013,"href":"https:\/\/diariodigitalmx.com\/index.php\/wp-json\/wp\/v2\/posts\/100012\/revisions\/100013"}],"wp:featuredmedia":[{"embeddable":true,"href":"https:\/\/diariodigitalmx.com\/index.php\/wp-json\/wp\/v2\/media\/100014"}],"wp:attachment":[{"href":"https:\/\/diariodigitalmx.com\/index.php\/wp-json\/wp\/v2\/media?parent=100012"}],"wp:term":[{"taxonomy":"category","embeddable":true,"href":"https:\/\/diariodigitalmx.com\/index.php\/wp-json\/wp\/v2\/categories?post=100012"},{"taxonomy":"post_tag","embeddable":true,"href":"https:\/\/diariodigitalmx.com\/index.php\/wp-json\/wp\/v2\/tags?post=100012"}],"curies":[{"name":"wp","href":"https:\/\/api.w.org\/{rel}","templated":true}]}}