{"id":100026,"date":"2023-06-17T00:53:57","date_gmt":"2023-06-17T05:53:57","guid":{"rendered":"http:\/\/diariodigitalmx.com\/?p=100026"},"modified":"2023-06-17T00:54:59","modified_gmt":"2023-06-17T05:54:59","slug":"localiza-policia-de-monterrey-a-menor-descalzo","status":"publish","type":"post","link":"https:\/\/diariodigitalmx.com\/index.php\/2023\/06\/17\/localiza-policia-de-monterrey-a-menor-descalzo\/","title":{"rendered":"Localiza polic\u00eda de Monterrey a menor descalzo"},"content":{"rendered":"\n<p>Un ni\u00f1o de tres a\u00f1os, que deambulaba descalzo y sin camisa, fue resguardado por oficiales de la Polic\u00eda de Monterrey, en la colonia Florida, al sur de la ciudad.<\/p>\n\n\n\n<p>Los hechos se registraron a en las calles Prolongaci\u00f3n Morelos y 5a. Zona, en el mencionado sector.<\/p>\n\n\n\n<p>Elementos de la Polic\u00eda de Monterrey realizaban un recorrido de prevenci\u00f3n y vigilancia, cuando personal del C-4 les reporta sobre un menor que caminaba por calles de dicha colonia, sin la compa\u00f1\u00eda de un adulto.<\/p>\n\n\n\n<p>Al aproximarse al lugar, de entrevistan con un vecino, de 37 a\u00f1os de edad, quien dijo que pasaba por el sitio, cuando observ\u00f3 al ni\u00f1o deambulando descalzo y sin camisa, por lo que se le hizo raro, acerc\u00e1ndose a \u00e9l, adem\u00e1s de comunicarse con las autoridades.<\/p>\n\n\n\n<figure class=\"wp-block-image size-full\"><img loading=\"lazy\" decoding=\"async\" width=\"553\" height=\"463\" src=\"http:\/\/diariodigitalmx.com\/wp-content\/uploads\/2023\/06\/IMG-20230616-WA0003.jpg\" alt=\"\" class=\"wp-image-100029\" srcset=\"https:\/\/diariodigitalmx.com\/wp-content\/uploads\/2023\/06\/IMG-20230616-WA0003.jpg 553w, https:\/\/diariodigitalmx.com\/wp-content\/uploads\/2023\/06\/IMG-20230616-WA0003-300x251.jpg 300w\" sizes=\"(max-width: 553px) 100vw, 553px\" \/><\/figure>\n\n\n\n<p>Los uniformados municipales resguardaron al peque\u00f1o proporcion\u00e1ndole alimentos, agua, calzado y ropa, ya que no hab\u00eda familiar alguno en los alrededores y no hab\u00eda reporte de b\u00fasqueda.<\/p>\n\n\n\n<p>El ni\u00f1o fue trasladado a las instalaciones de la Polic\u00eda de Monterrey, en el Parque Alamey, siendo entregado al personal del DIF municipal para las indagatorias correspondientes.<\/p>\n","protected":false},"excerpt":{"rendered":"<p>Un ni\u00f1o de tres a\u00f1os, que deambulaba descalzo y sin camisa, fue resguardado por oficiales de la Polic\u00eda de Monterrey, en la colonia Florida, al sur de la ciudad. Los hechos se registraron a en las calles Prolongaci\u00f3n Morelos y 5a. Zona, en el mencionado sector. Elementos de la Polic\u00eda de Monterrey realizaban un recorrido [&hellip;]<\/p>\n","protected":false},"author":1,"featured_media":100028,"comment_status":"open","ping_status":"open","sticky":true,"template":"","format":"standard","meta":{"footnotes":""},"categories":[14,7],"tags":[],"_links":{"self":[{"href":"https:\/\/diariodigitalmx.com\/index.php\/wp-json\/wp\/v2\/posts\/100026"}],"collection":[{"href":"https:\/\/diariodigitalmx.com\/index.php\/wp-json\/wp\/v2\/posts"}],"about":[{"href":"https:\/\/diariodigitalmx.com\/index.php\/wp-json\/wp\/v2\/types\/post"}],"author":[{"embeddable":true,"href":"https:\/\/diariodigitalmx.com\/index.php\/wp-json\/wp\/v2\/users\/1"}],"replies":[{"embeddable":true,"href":"https:\/\/diariodigitalmx.com\/index.php\/wp-json\/wp\/v2\/comments?post=100026"}],"version-history":[{"count":2,"href":"https:\/\/diariodigitalmx.com\/index.php\/wp-json\/wp\/v2\/posts\/100026\/revisions"}],"predecessor-version":[{"id":100030,"href":"https:\/\/diariodigitalmx.com\/index.php\/wp-json\/wp\/v2\/posts\/100026\/revisions\/100030"}],"wp:featuredmedia":[{"embeddable":true,"href":"https:\/\/diariodigitalmx.com\/index.php\/wp-json\/wp\/v2\/media\/100028"}],"wp:attachment":[{"href":"https:\/\/diariodigitalmx.com\/index.php\/wp-json\/wp\/v2\/media?parent=100026"}],"wp:term":[{"taxonomy":"category","embeddable":true,"href":"https:\/\/diariodigitalmx.com\/index.php\/wp-json\/wp\/v2\/categories?post=100026"},{"taxonomy":"post_tag","embeddable":true,"href":"https:\/\/diariodigitalmx.com\/index.php\/wp-json\/wp\/v2\/tags?post=100026"}],"curies":[{"name":"wp","href":"https:\/\/api.w.org\/{rel}","templated":true}]}}