{"id":100031,"date":"2023-06-17T07:55:16","date_gmt":"2023-06-17T12:55:16","guid":{"rendered":"http:\/\/diariodigitalmx.com\/?p=100031"},"modified":"2023-06-17T07:56:15","modified_gmt":"2023-06-17T12:56:15","slug":"efemerides-5","status":"publish","type":"post","link":"https:\/\/diariodigitalmx.com\/index.php\/2023\/06\/17\/efemerides-5\/","title":{"rendered":"Efem\u00e9rides"},"content":{"rendered":"\n<p>Buen Fin de Semana<br>\u00a1Que As\u00ed sea!<br>Ya Cant\u00f3 El Gallo<br>Ya es S\u00c1BADO 17 de Junio<br>Saludos desde el Sur de Monterrey<\/p>\n\n\n\n<p>#T\u00edoTo\u00f1o<\/p>\n\n\n\n<p>Santoral:Ismael, Isauro<\/p>\n\n\n\n<p>D\u00eda Mundial de Lucha contra la Desertificaci\u00f3n y la Sequ\u00eda<\/p>\n\n\n\n<p>1520 Por las depredaciones de los espa\u00f1oles en la Gran Tenochtitl\u00e1n, el pueblo se re\u00fane en la plaza mayor, frente al palacio de Moctezuma. \u00c9ste sale y habla a su gente obligado por los espa\u00f1oles, a quienes defiende. Sin embargo, el pueblo se encoleriza y apedrea a Moctezuma, a quien hieren de gravedad.<br>1818 Nace en Par\u00eds (Francia) Charles Gounod, compositor franc\u00e9s de \u00f3peras como &#8220;Romeo y Julieta&#8221;, &#8220;Safo&#8221; y &#8220;Fausto&#8221;.<br>1823 Siendo Presidente de la Rep\u00fablica Guadalupe Victoria, se publican las Bases para las Elecciones del Nuevo Congreso Constituyente.<br>1833 Nace en Matamoros, Tamaulipas, Manuel Gonz\u00e1lez, Presidente de la Rep\u00fablica de 1880 a 1884, bajo cuyo gobierno se hizo obligatoria la educaci\u00f3n primaria en algunos estados de la Rep\u00fablica y se adopt\u00f3 el sistema m\u00e9trico decimal.<br>1866 Despue\u0301s del triunfo de los Republicanos en Santa Gertrudis, el presidente Benito Jua\u0301rez establece su gobierno en Chihuahua.<br>1882 Nace el compositor y director de orquesta ruso \u00cdgor Stravinski, autor de &#8220;El p\u00e1jaro de fuego&#8221;, &#8220;El ruise\u00f1or&#8221;, &#8220;Petrushka&#8221; y &#8220;La consagraci\u00f3n de la primavera&#8221; entre otras muchas obras.<br>1885 A bordo de la fragata francesa &#8220;Isere&#8221;, y tras una accidentada traves\u00eda en la que ha estado a punto de naufragar, arriba al puerto de Nueva York (EE.UU.) la &#8220;Estatua de la Libertad&#8221;, regalo del pueblo franc\u00e9s a los americanos con motivo del Centenario de su Independencia, celebrada en 1876.<br>1900 Nace en la ciudad de M\u00e9xico la c\u00e9lebre actriz Mar\u00eda Tereza Montoya.<br>1917 Nace el actor y comediante mexicano Ra\u00fal &#8220;Chato&#8221; Padilla.<br>1943 Nace el cantautor estadounidense Barry Manilow, figura central de la m\u00fasica rom\u00e1ntica de los a\u00f1os 80 e int\u00e9rprete de \u00e9xitos como &#8220;Mandy&#8221;, &#8220;Copacabana&#8221;<br>1967 Nace Henry Lawson, escritor y poeta australiano. Lawson es uno de los m\u00e1s conocidos poetas australianos y los escritores de ficci\u00f3n de la \u00e9poca colonial y, a menudo se le llama &#8220;el m\u00e1s grande escritor&#8221;de Australia.<br>1970 La compa\u00f1\u00eda Polaroid patenta la c\u00e1mara Polaroid. La c\u00e1mara que revelaba y positivaba la imagen en tan solo 60 segundos. Este invento se convertir\u00eda en el buque insignia de la empresa hasta la aparici\u00f3n de la fotograf\u00eda digital.<br>1985 El transbordador Discovery de la NASA coloca en o\u0301rbita el primer sate\u0301lite mexicano, \u201cMorelos I\u201d.<br>1995 Muere el m\u00fasico Cruz Liz\u00e1rraga a los 79 a\u00f1os, fundador de la \u201cBanda el Recodo\u201d<br>1996 Muere en Cambridge (EE.UU.), Thomas Samuel Kuhn, f\u00edsico y fil\u00f3sofo orientado hacia el estudio de la Historia de la Ciencia, autor de &#8220;The Structure of Scientific Revolutions (La estructura de las revoluciones cient\u00edficas)&#8221;<br>2011 Margarita Gralia, Eugenia Cauduro, Juan Jos\u00e9 Origel, Laura Bozzo, Gloria Aura y El Hijo de El Santo son algunos de los famosos que se suman al llamado de la obra &#8220;Cock&#8221; para apoyar a la Fundaci\u00f3n M\u00e9xico Vivo.<br>2016 Muere el comediante mexicano Rub\u00e9n Aguirre Fuentes. Fue un actor c\u00f3mico que encarn\u00f3 al personaje del &#8220;Profesor Jirafales&#8221; dentro del programa humor\u00edstico mexicano &#8220;El Chavo del 8&#8221;.<\/p>\n\n\n\n<p>To\u00f1o Ch\u00e1vez<\/p>\n","protected":false},"excerpt":{"rendered":"<p>Buen Fin de Semana\u00a1Que As\u00ed sea!Ya Cant\u00f3 El GalloYa es S\u00c1BADO 17 de JunioSaludos desde el Sur de Monterrey #T\u00edoTo\u00f1o Santoral:Ismael, Isauro D\u00eda Mundial de Lucha contra la Desertificaci\u00f3n y la Sequ\u00eda 1520 Por las depredaciones de los espa\u00f1oles en la Gran Tenochtitl\u00e1n, el pueblo se re\u00fane en la plaza mayor, frente al palacio de [&hellip;]<\/p>\n","protected":false},"author":1,"featured_media":99960,"comment_status":"open","ping_status":"open","sticky":true,"template":"","format":"standard","meta":{"footnotes":""},"categories":[11,14],"tags":[],"_links":{"self":[{"href":"https:\/\/diariodigitalmx.com\/index.php\/wp-json\/wp\/v2\/posts\/100031"}],"collection":[{"href":"https:\/\/diariodigitalmx.com\/index.php\/wp-json\/wp\/v2\/posts"}],"about":[{"href":"https:\/\/diariodigitalmx.com\/index.php\/wp-json\/wp\/v2\/types\/post"}],"author":[{"embeddable":true,"href":"https:\/\/diariodigitalmx.com\/index.php\/wp-json\/wp\/v2\/users\/1"}],"replies":[{"embeddable":true,"href":"https:\/\/diariodigitalmx.com\/index.php\/wp-json\/wp\/v2\/comments?post=100031"}],"version-history":[{"count":1,"href":"https:\/\/diariodigitalmx.com\/index.php\/wp-json\/wp\/v2\/posts\/100031\/revisions"}],"predecessor-version":[{"id":100032,"href":"https:\/\/diariodigitalmx.com\/index.php\/wp-json\/wp\/v2\/posts\/100031\/revisions\/100032"}],"wp:featuredmedia":[{"embeddable":true,"href":"https:\/\/diariodigitalmx.com\/index.php\/wp-json\/wp\/v2\/media\/99960"}],"wp:attachment":[{"href":"https:\/\/diariodigitalmx.com\/index.php\/wp-json\/wp\/v2\/media?parent=100031"}],"wp:term":[{"taxonomy":"category","embeddable":true,"href":"https:\/\/diariodigitalmx.com\/index.php\/wp-json\/wp\/v2\/categories?post=100031"},{"taxonomy":"post_tag","embeddable":true,"href":"https:\/\/diariodigitalmx.com\/index.php\/wp-json\/wp\/v2\/tags?post=100031"}],"curies":[{"name":"wp","href":"https:\/\/api.w.org\/{rel}","templated":true}]}}