{"id":10004,"date":"2019-08-16T06:20:29","date_gmt":"2019-08-16T11:20:29","guid":{"rendered":"http:\/\/diariodigitalmx.com\/?p=10004"},"modified":"2019-08-16T06:20:30","modified_gmt":"2019-08-16T11:20:30","slug":"fui-maton-no-asesino","status":"publish","type":"post","link":"https:\/\/diariodigitalmx.com\/index.php\/2019\/08\/16\/fui-maton-no-asesino\/","title":{"rendered":"&#8220;Fu\u00ed mat\u00f3n, no asesino&#8221;"},"content":{"rendered":"\n<p>Por Salvador Hern\u00e1ndez LANDEROS<\/p>\n\n\n\n<p>Empezaba a oscurecer y un custodio me indic\u00f3 que ya era hora de abandonar las instalaciones. Hab\u00eda que dejar el Penal del Topo Chico.<\/p>\n\n\n\n<p>Me desped\u00ed. Extend\u00ed mi mano derecha, misma que se perdi\u00f3 en la del personaje aquel que durante horas y d\u00edas antes estuve entrevistando.<\/p>\n\n\n\n<p>Cruce el pabell\u00f3n de salida. No era la primera vez. Me somet\u00ed a la revisi\u00f3n obligada, escuchando el crujir de las pesadas puertas y rejas de acero.<\/p>\n\n\n\n<p>Me encamin\u00e9 unas cuadras para abordar mi \u201cvocho\u201d, modelo 76. Ten\u00eda prisa&nbsp;por llegar al peri\u00f3dico. Hab\u00eda que escribir otras notas del d\u00eda.<\/p>\n\n\n\n<p>En el trayecto, en forma repetida, me resonaba la voz de Filomeno Villanueva Villanueva (a) \u201cEl Filo\u201d que me dec\u00eda: \u201cYo fui mat\u00f3n, no asesino\u201d.<\/p>\n\n\n\n<p>Filomeno Villanueva fue un reo a quien el destino le cambi\u00f3 la vida en su tierra&nbsp;natal. En Linares, NL, priv\u00f3 de la vida a un individuo, en defensa de la propia.&nbsp;<\/p>\n\n\n\n<p>Ese hecho ocurri\u00f3 en 1953. De aqu\u00ed fue enviado a Las Islas Mar\u00edas junto con otros, considerados en esos a\u00f1os, reos peligrosos.<\/p>\n\n\n\n<p>En octubre van a demoler el Penal del Topo Chico. Ah\u00ed quedar\u00e1n sepultados cientos de cuentos, lamentablemente, llenos de violencia, terror y sufrimiento.<\/p>\n\n\n\n<p>Desde 1969 conoc\u00eda la existencia de \u201cEl Filo\u201d. Don Javier L\u00f3pez Castill\u00f3n, era el director del reclusorio y por \u00e9l tuve la oportunidad de conocerlo.<\/p>\n\n\n\n<p>En la d\u00e9cada de los 70as no lo pude entrevistar. Las condiciones no lo permit\u00edan.&nbsp;Era la \u00e9poca de la guerrilla urbana y de la \u201cLiga Comunista 23 de Septiembre\u201d.<\/p>\n\n\n\n<p>En febrero del 80, el capit\u00e1n Alfonso Domene Flor Mill\u00e1n, director del Penal, me dijo que \u201cEl Filo\u201d quer\u00eda platicar conmigo, que yo le inspiraba confianza.<\/p>\n\n\n\n<p>La entrevista me impact\u00f3 y dej\u00f3 huella, fue como una ense\u00f1anza del oficio para&nbsp;los a\u00f1os que despu\u00e9s vendr\u00edan. A\u00fan recuerdo. \u201cFui mat\u00f3n, no asesino\u201d.<\/p>\n\n\n\n<p>Son cuatro palabras que encierran mucho para entender y comprender lo que significa el homicidio, el privar de la vida a un ser humano.<\/p>\n\n\n\n<p>Meses despu\u00e9s, Filomeno Villanueva, fue liberado. Iba rumbo a Reynosa y una necesidad fisiol\u00f3gica lo hizo detenerse. Confiado se puso a orinar.<\/p>\n\n\n\n<p>Fue entonces, que el acompa\u00f1ante apodado \u201cEl Texano\u201d, se baj\u00f3 del veh\u00edculo y por la espalda acribill\u00f3 de varios balazos a \u201cEl Filo\u201d.<\/p>\n\n\n\n<p>Ya andan con el que van a demoler El Topo Chico. Se van a soltar historias de&nbsp;aqu\u00ed y de all\u00e1.&nbsp;<\/p>\n\n\n\n<p>Ser\u00e1n contadas, pero s\u00f3lo de o\u00eddas, muy diferentes a las que fueron reporteadas&nbsp;con el oficio del Periodista.<\/p>\n\n\n\n<p>chavalolanderos@yahoo.com.mx<\/p>\n","protected":false},"excerpt":{"rendered":"<p>Por Salvador Hern\u00e1ndez LANDEROS Empezaba a oscurecer y un custodio me indic\u00f3 que ya era hora de abandonar las instalaciones. Hab\u00eda que dejar el Penal del Topo Chico. Me desped\u00ed. Extend\u00ed mi mano derecha, misma que se perdi\u00f3 en la del personaje aquel que durante horas y d\u00edas antes estuve entrevistando. Cruce el pabell\u00f3n de [&hellip;]<\/p>\n","protected":false},"author":1,"featured_media":9365,"comment_status":"open","ping_status":"open","sticky":true,"template":"","format":"standard","meta":{"footnotes":""},"categories":[12],"tags":[],"_links":{"self":[{"href":"https:\/\/diariodigitalmx.com\/index.php\/wp-json\/wp\/v2\/posts\/10004"}],"collection":[{"href":"https:\/\/diariodigitalmx.com\/index.php\/wp-json\/wp\/v2\/posts"}],"about":[{"href":"https:\/\/diariodigitalmx.com\/index.php\/wp-json\/wp\/v2\/types\/post"}],"author":[{"embeddable":true,"href":"https:\/\/diariodigitalmx.com\/index.php\/wp-json\/wp\/v2\/users\/1"}],"replies":[{"embeddable":true,"href":"https:\/\/diariodigitalmx.com\/index.php\/wp-json\/wp\/v2\/comments?post=10004"}],"version-history":[{"count":3,"href":"https:\/\/diariodigitalmx.com\/index.php\/wp-json\/wp\/v2\/posts\/10004\/revisions"}],"predecessor-version":[{"id":10007,"href":"https:\/\/diariodigitalmx.com\/index.php\/wp-json\/wp\/v2\/posts\/10004\/revisions\/10007"}],"wp:featuredmedia":[{"embeddable":true,"href":"https:\/\/diariodigitalmx.com\/index.php\/wp-json\/wp\/v2\/media\/9365"}],"wp:attachment":[{"href":"https:\/\/diariodigitalmx.com\/index.php\/wp-json\/wp\/v2\/media?parent=10004"}],"wp:term":[{"taxonomy":"category","embeddable":true,"href":"https:\/\/diariodigitalmx.com\/index.php\/wp-json\/wp\/v2\/categories?post=10004"},{"taxonomy":"post_tag","embeddable":true,"href":"https:\/\/diariodigitalmx.com\/index.php\/wp-json\/wp\/v2\/tags?post=10004"}],"curies":[{"name":"wp","href":"https:\/\/api.w.org\/{rel}","templated":true}]}}