{"id":100066,"date":"2023-06-17T18:40:12","date_gmt":"2023-06-17T23:40:12","guid":{"rendered":"http:\/\/diariodigitalmx.com\/?p=100066"},"modified":"2023-06-17T18:40:49","modified_gmt":"2023-06-17T23:40:49","slug":"piden-se-cancele-evento-del-grupo-firme-con-ninos-del-dif-nl","status":"publish","type":"post","link":"https:\/\/diariodigitalmx.com\/index.php\/2023\/06\/17\/piden-se-cancele-evento-del-grupo-firme-con-ninos-del-dif-nl\/","title":{"rendered":"Piden se cancele evento del grupo Firme con ni\u00f1os del DIF NL"},"content":{"rendered":"\n<p>A la Comunidad Regiomontana<br>El Frente Nuevo Le\u00f3n en Defensa de los Ni\u00f1os reprueba y rechaza en\u00e9rgicamente la presentaci\u00f3n que har\u00e1 hoy el grupo Firme a los ni\u00f1os del DIF y solicitamos sea CANCELADA a fin de proteger su inocencia, su sano desarrollo y su derecho a una vida libre de violencia.<br>Es muy preocupante la exposici\u00f3n al contenido violento de las canciones de esta agrupaci\u00f3n, que exaltan el consumo de alcohol y drogas, el desamor y el sexo impl\u00edcito entre otros.<br>\u201cde paso, hasta el perro voy a envenenarte, y no te imaginas qu\u00e9 alacr\u00e1n te echaste. En tu perra vida vas a hallar calma, hasta que te mueras o hasta que me mates\u201d<br>\u201cEmpec\u00e9 a chambear con lo que no se debe, Mexicali, de ah\u00ed me mandaban ya listos los paquetes\u201d \u201cCasi un a\u00f1o traficando Y nos fueron a agarrar\u201d<\/p>\n\n\n\n<p>Los valores que transmite est\u00e1n muy lejos de lo que las familias regiomontanas siempre hemos vivido y compartido, valores gracias a los cuales nuestra sociedad ha llegado a ser lo que es, la capital Industrial de M\u00e9xico.<br>Hoy los ni\u00f1os del DIF est\u00e1n siendo utilizados como mercanc\u00eda medi\u00e1tica por este gobierno promotor de antivalores y de una agenda de distracci\u00f3n de los verdaderos problemas sociales que nos aquejan gravemente, por lo que respetuosamente reiteramos nuestra petici\u00f3n de que dicho evento sea CANCELADO.<br>TODOS LOS NI\u00d1OS DEBEN SER PROTEGIDOS CONTRA ACTOS DE CORRUPCI\u00d3N DE MENORES, SIN SER DISCRIMINADOS POR ESTAR SUJETOS A LA TUTELA DEL ESTADO.<\/p>\n","protected":false},"excerpt":{"rendered":"<p>A la Comunidad RegiomontanaEl Frente Nuevo Le\u00f3n en Defensa de los Ni\u00f1os reprueba y rechaza en\u00e9rgicamente la presentaci\u00f3n que har\u00e1 hoy el grupo Firme a los ni\u00f1os del DIF y solicitamos sea CANCELADA a fin de proteger su inocencia, su sano desarrollo y su derecho a una vida libre de violencia.Es muy preocupante la exposici\u00f3n [&hellip;]<\/p>\n","protected":false},"author":1,"featured_media":100068,"comment_status":"open","ping_status":"open","sticky":true,"template":"","format":"standard","meta":{"footnotes":""},"categories":[6,3],"tags":[],"_links":{"self":[{"href":"https:\/\/diariodigitalmx.com\/index.php\/wp-json\/wp\/v2\/posts\/100066"}],"collection":[{"href":"https:\/\/diariodigitalmx.com\/index.php\/wp-json\/wp\/v2\/posts"}],"about":[{"href":"https:\/\/diariodigitalmx.com\/index.php\/wp-json\/wp\/v2\/types\/post"}],"author":[{"embeddable":true,"href":"https:\/\/diariodigitalmx.com\/index.php\/wp-json\/wp\/v2\/users\/1"}],"replies":[{"embeddable":true,"href":"https:\/\/diariodigitalmx.com\/index.php\/wp-json\/wp\/v2\/comments?post=100066"}],"version-history":[{"count":1,"href":"https:\/\/diariodigitalmx.com\/index.php\/wp-json\/wp\/v2\/posts\/100066\/revisions"}],"predecessor-version":[{"id":100067,"href":"https:\/\/diariodigitalmx.com\/index.php\/wp-json\/wp\/v2\/posts\/100066\/revisions\/100067"}],"wp:featuredmedia":[{"embeddable":true,"href":"https:\/\/diariodigitalmx.com\/index.php\/wp-json\/wp\/v2\/media\/100068"}],"wp:attachment":[{"href":"https:\/\/diariodigitalmx.com\/index.php\/wp-json\/wp\/v2\/media?parent=100066"}],"wp:term":[{"taxonomy":"category","embeddable":true,"href":"https:\/\/diariodigitalmx.com\/index.php\/wp-json\/wp\/v2\/categories?post=100066"},{"taxonomy":"post_tag","embeddable":true,"href":"https:\/\/diariodigitalmx.com\/index.php\/wp-json\/wp\/v2\/tags?post=100066"}],"curies":[{"name":"wp","href":"https:\/\/api.w.org\/{rel}","templated":true}]}}