{"id":100069,"date":"2023-06-17T20:21:34","date_gmt":"2023-06-18T01:21:34","guid":{"rendered":"http:\/\/diariodigitalmx.com\/?p=100069"},"modified":"2023-06-17T20:22:19","modified_gmt":"2023-06-18T01:22:19","slug":"tienta-samuel-a-el-diablo","status":"publish","type":"post","link":"https:\/\/diariodigitalmx.com\/index.php\/2023\/06\/17\/tienta-samuel-a-el-diablo\/","title":{"rendered":"Tienta Samuel a \u201cEl Diablo\u201d"},"content":{"rendered":"\n<p>Por Salvador Hern\u00e1ndez <strong><em>LANDEROS<\/em><\/strong><\/p>\n\n\n\n<p>La exigencia de que la IP y ciudadanos se dejen de ser \u201c<strong><em>ecu\u00e1nimes<\/em><\/strong>\u201d y decidan si apoyan su gesti\u00f3n o al PRIAN, <strong><em>pone en \u201coffside\u201d al joven gobernador<\/em><\/strong>.<\/p>\n\n\n\n<p>Esa petici\u00f3n es in\u00e9dita, desde 1967, hace 56 a\u00f1os y 11 gobernadores, no se hab\u00eda visto, <strong><em>que exigieran a empresarios y ciudadanos, decidieran de qu\u00e9 lado est\u00e1n<\/em><\/strong>.<\/p>\n\n\n\n<p>De esos gobernadores, s\u00f3lo uno, Mart\u00ednez Dom\u00ednguez, sin t\u00edtulo universitario. <strong><em>Ninguno de ellos lleg\u00f3 a los 33 a\u00f1os al cargo y menos con tres doctorados<\/em><\/strong>.<\/p>\n\n\n\n<p>Pero tampoco, ninguno de los exgobernadores, exigi\u00f3 a los ciudadanos o a la iniciativa privada <strong><em>que dejaran de obrar con rectitud, justicia o imparcialidad<\/em><\/strong>.<\/p>\n\n\n\n<p>Una persona \u201c<strong><em>ecu\u00e1nime<\/em><\/strong>\u201d no suele dejarse llevar por la pasi\u00f3n. <strong><em>Y un hombre p\u00fablico, en el poder, debe huir de la exaltaci\u00f3n al juzgar los actos.<\/em><\/strong><\/p>\n\n\n\n<p>El gobernador<strong><em>, con sus tres doctorados<\/em><\/strong>, no debe ignorar que <strong><em>ECUANIME<\/em><\/strong> tiene como sin\u00f3nimos el <strong><em>sereno, imparcial, justo, moderado, equitativo y juicioso<\/em><\/strong>.<\/p>\n\n\n\n<p>Pero independiente de esa ignorancia, el gobernador <strong><em>tent\u00f3 a \u201cEl Diablo<\/em><\/strong>\u201d, al exaltar a la 4T <strong><em>al calificarla de incorruptible en casa de los \u201cconservadores<\/em><\/strong>\u201d.<\/p>\n\n\n\n<p><strong><em>Luego de luchar durante cuatro a\u00f1os contra AMLO, ahora Jos\u00e9 Antonio Fern\u00e1ndez Carvajal habr\u00e1 de enfrentar los embates de Samuel Garc\u00eda.<\/em><\/strong><\/p>\n\n\n\n<p>Fern\u00e1ndez Carvajal, conocido como \u201c<strong><em>El Diablo<\/em><\/strong>\u201d, y dem\u00e1s empresarios <strong><em>han sido denostados, ofendidos y calificados de corruptos por L\u00f3pez Obrador.<\/em><\/strong><\/p>\n\n\n\n<p>El gobernador, sin preguntarle y s\u00f3lo por sus actos, <strong><em>ya se sabe de con qui\u00e9n est\u00e1 y los empresarios lo saben. Saben el futuro de Nuevo Le\u00f3n en el 2024<\/em><\/strong>.<\/p>\n\n\n\n<p>Ahora, si quiere saber con qui\u00e9n est\u00e1n los ciudadanos. <strong><em>Que vaya a las paradas de camiones y del Metro. donde carecen del agua y construcci\u00f3n de las l\u00edneas 5 y 6. As\u00ed de sencillo.<\/em><\/strong><\/p>\n\n\n\n<p><a href=\"mailto:Chavalolanderos@yahoo.com.mx\">Chavalolanderos@yahoo.com.mx<\/a><\/p>\n","protected":false},"excerpt":{"rendered":"<p>Por Salvador Hern\u00e1ndez LANDEROS La exigencia de que la IP y ciudadanos se dejen de ser \u201cecu\u00e1nimes\u201d y decidan si apoyan su gesti\u00f3n o al PRIAN, pone en \u201coffside\u201d al joven gobernador. Esa petici\u00f3n es in\u00e9dita, desde 1967, hace 56 a\u00f1os y 11 gobernadores, no se hab\u00eda visto, que exigieran a empresarios y ciudadanos, decidieran [&hellip;]<\/p>\n","protected":false},"author":1,"featured_media":100071,"comment_status":"open","ping_status":"open","sticky":true,"template":"","format":"standard","meta":{"footnotes":""},"categories":[12,3],"tags":[],"_links":{"self":[{"href":"https:\/\/diariodigitalmx.com\/index.php\/wp-json\/wp\/v2\/posts\/100069"}],"collection":[{"href":"https:\/\/diariodigitalmx.com\/index.php\/wp-json\/wp\/v2\/posts"}],"about":[{"href":"https:\/\/diariodigitalmx.com\/index.php\/wp-json\/wp\/v2\/types\/post"}],"author":[{"embeddable":true,"href":"https:\/\/diariodigitalmx.com\/index.php\/wp-json\/wp\/v2\/users\/1"}],"replies":[{"embeddable":true,"href":"https:\/\/diariodigitalmx.com\/index.php\/wp-json\/wp\/v2\/comments?post=100069"}],"version-history":[{"count":1,"href":"https:\/\/diariodigitalmx.com\/index.php\/wp-json\/wp\/v2\/posts\/100069\/revisions"}],"predecessor-version":[{"id":100070,"href":"https:\/\/diariodigitalmx.com\/index.php\/wp-json\/wp\/v2\/posts\/100069\/revisions\/100070"}],"wp:featuredmedia":[{"embeddable":true,"href":"https:\/\/diariodigitalmx.com\/index.php\/wp-json\/wp\/v2\/media\/100071"}],"wp:attachment":[{"href":"https:\/\/diariodigitalmx.com\/index.php\/wp-json\/wp\/v2\/media?parent=100069"}],"wp:term":[{"taxonomy":"category","embeddable":true,"href":"https:\/\/diariodigitalmx.com\/index.php\/wp-json\/wp\/v2\/categories?post=100069"},{"taxonomy":"post_tag","embeddable":true,"href":"https:\/\/diariodigitalmx.com\/index.php\/wp-json\/wp\/v2\/tags?post=100069"}],"curies":[{"name":"wp","href":"https:\/\/api.w.org\/{rel}","templated":true}]}}