{"id":100072,"date":"2023-06-17T20:59:36","date_gmt":"2023-06-18T01:59:36","guid":{"rendered":"http:\/\/diariodigitalmx.com\/?p=100072"},"modified":"2023-06-17T21:03:05","modified_gmt":"2023-06-18T02:03:05","slug":"asi-fue-la-marcha-de-la-diversidad","status":"publish","type":"post","link":"https:\/\/diariodigitalmx.com\/index.php\/2023\/06\/17\/asi-fue-la-marcha-de-la-diversidad\/","title":{"rendered":"As\u00ed fue la Marcha de la Diversidad"},"content":{"rendered":"\n<p>Monterrey. &#8211; Con la coronaci\u00f3n como Pr\u00edncipe, de Jhonny Caz, cantante de Grupo Firme, miles realizaron la<br>Marcha de la Diversidad Monterrey 2023.<br>Los participantes que desafiaron las temperaturas de 40 grados celebraron que el Congreso de Nuevo Le\u00f3n haya incluido el matrimonio igualitario en el C\u00f3digo Civil est\u00e1 semana que concluy\u00f3.<\/p>\n\n\n\n<figure class=\"wp-block-image size-full\"><img loading=\"lazy\" decoding=\"async\" width=\"591\" height=\"738\" src=\"http:\/\/diariodigitalmx.com\/wp-content\/uploads\/2023\/06\/IMG_20230617_195827_448.webp\" alt=\"\" class=\"wp-image-100075\" srcset=\"https:\/\/diariodigitalmx.com\/wp-content\/uploads\/2023\/06\/IMG_20230617_195827_448.webp 591w, https:\/\/diariodigitalmx.com\/wp-content\/uploads\/2023\/06\/IMG_20230617_195827_448-240x300.webp 240w\" sizes=\"(max-width: 591px) 100vw, 591px\" \/><\/figure>\n\n\n\n<p>Una gran bandera arcoiris encabeza la marcha y Caz, que fue al inicio sobre un autob\u00fas agradeci\u00f3 el apoyo. Luego en la Explanada de los H\u00e9roes con su capa y corona cant\u00f3 a capela.<\/p>\n\n\n\n<figure class=\"wp-block-image size-large\"><img loading=\"lazy\" decoding=\"async\" width=\"819\" height=\"1024\" src=\"http:\/\/diariodigitalmx.com\/wp-content\/uploads\/2023\/06\/IMG_20230617_195827_744-819x1024.webp\" alt=\"\" class=\"wp-image-100082\" srcset=\"https:\/\/diariodigitalmx.com\/wp-content\/uploads\/2023\/06\/IMG_20230617_195827_744-819x1024.webp 819w, https:\/\/diariodigitalmx.com\/wp-content\/uploads\/2023\/06\/IMG_20230617_195827_744-240x300.webp 240w, https:\/\/diariodigitalmx.com\/wp-content\/uploads\/2023\/06\/IMG_20230617_195827_744-768x960.webp 768w, https:\/\/diariodigitalmx.com\/wp-content\/uploads\/2023\/06\/IMG_20230617_195827_744.webp 1080w\" sizes=\"(max-width: 819px) 100vw, 819px\" \/><\/figure>\n\n\n\n<p>Poco antes del inicio de la marcha Carlos Briano &#8220;Mama Bree&#8221; la drag queen, creadora del concurso Regias del Drag pidi\u00f3 y encabez\u00f3 un minuto de aplausos para todas las personas que se quedaron en el camino y quienes han luchado por los derechos de la poblaci\u00f3n sexual diversa.<\/p>\n\n\n\n<figure class=\"wp-block-image size-full\"><img loading=\"lazy\" decoding=\"async\" width=\"670\" height=\"838\" src=\"http:\/\/diariodigitalmx.com\/wp-content\/uploads\/2023\/06\/IMG_20230617_195827_566.webp\" alt=\"\" class=\"wp-image-100078\" srcset=\"https:\/\/diariodigitalmx.com\/wp-content\/uploads\/2023\/06\/IMG_20230617_195827_566.webp 670w, https:\/\/diariodigitalmx.com\/wp-content\/uploads\/2023\/06\/IMG_20230617_195827_566-240x300.webp 240w\" sizes=\"(max-width: 670px) 100vw, 670px\" \/><\/figure>\n\n\n\n<p>&#8220;Hoy estamos celebrando gracias a un mont\u00f3n de activistas, de personas que han luchado, que han peleado, que han sido violados, asesinados&#8221;, a\u00f1adi\u00f3.<br>En la tambi\u00e9n llamada Marcha del Orgullo Gay, el contingente parti\u00f3 del Arco de la Independencia, en Madero y Pino Su\u00e1rez, despu\u00e9s Juan Ignacio Ram\u00f3n al oriente, la Avenida Ju\u00e1rez al sur, Padre Mier, Zaragoza y concluy\u00f3 en la Explanada de los H\u00e9roes, frente a Palacio de Gobierno con una serie de actividades ya entrada la noche.<\/p>\n\n\n\n<figure class=\"wp-block-image size-full\"><img loading=\"lazy\" decoding=\"async\" width=\"685\" height=\"856\" src=\"http:\/\/diariodigitalmx.com\/wp-content\/uploads\/2023\/06\/IMG_20230617_195827_274.webp\" alt=\"\" class=\"wp-image-100080\" srcset=\"https:\/\/diariodigitalmx.com\/wp-content\/uploads\/2023\/06\/IMG_20230617_195827_274.webp 685w, https:\/\/diariodigitalmx.com\/wp-content\/uploads\/2023\/06\/IMG_20230617_195827_274-240x300.webp 240w\" sizes=\"(max-width: 685px) 100vw, 685px\" \/><\/figure>\n\n\n\n<p>Los miles llegaron poco despu\u00e9s de las 19:45 donde ya los esperaban cientos m\u00e1s de integrantes de la comunidad LGBTTTIQ.<br>En ese lugar hubo presentaciones art\u00edsticas, m\u00fasica, baile y se entregaron reconocimientos a Joaqu\u00edn Hurtado y Abel Quiroga, pioneros en el movimiento de la diversidad sexual.<br>La primera marcha en Monterrey se realiz\u00f3 el 26 de mayo del 2001.<\/p>\n","protected":false},"excerpt":{"rendered":"<p>Monterrey. &#8211; Con la coronaci\u00f3n como Pr\u00edncipe, de Jhonny Caz, cantante de Grupo Firme, miles realizaron laMarcha de la Diversidad Monterrey 2023.Los participantes que desafiaron las temperaturas de 40 grados celebraron que el Congreso de Nuevo Le\u00f3n haya incluido el matrimonio igualitario en el C\u00f3digo Civil est\u00e1 semana que concluy\u00f3. Una gran bandera arcoiris encabeza [&hellip;]<\/p>\n","protected":false},"author":1,"featured_media":100074,"comment_status":"open","ping_status":"open","sticky":true,"template":"","format":"standard","meta":{"footnotes":""},"categories":[6,3],"tags":[],"_links":{"self":[{"href":"https:\/\/diariodigitalmx.com\/index.php\/wp-json\/wp\/v2\/posts\/100072"}],"collection":[{"href":"https:\/\/diariodigitalmx.com\/index.php\/wp-json\/wp\/v2\/posts"}],"about":[{"href":"https:\/\/diariodigitalmx.com\/index.php\/wp-json\/wp\/v2\/types\/post"}],"author":[{"embeddable":true,"href":"https:\/\/diariodigitalmx.com\/index.php\/wp-json\/wp\/v2\/users\/1"}],"replies":[{"embeddable":true,"href":"https:\/\/diariodigitalmx.com\/index.php\/wp-json\/wp\/v2\/comments?post=100072"}],"version-history":[{"count":5,"href":"https:\/\/diariodigitalmx.com\/index.php\/wp-json\/wp\/v2\/posts\/100072\/revisions"}],"predecessor-version":[{"id":100083,"href":"https:\/\/diariodigitalmx.com\/index.php\/wp-json\/wp\/v2\/posts\/100072\/revisions\/100083"}],"wp:featuredmedia":[{"embeddable":true,"href":"https:\/\/diariodigitalmx.com\/index.php\/wp-json\/wp\/v2\/media\/100074"}],"wp:attachment":[{"href":"https:\/\/diariodigitalmx.com\/index.php\/wp-json\/wp\/v2\/media?parent=100072"}],"wp:term":[{"taxonomy":"category","embeddable":true,"href":"https:\/\/diariodigitalmx.com\/index.php\/wp-json\/wp\/v2\/categories?post=100072"},{"taxonomy":"post_tag","embeddable":true,"href":"https:\/\/diariodigitalmx.com\/index.php\/wp-json\/wp\/v2\/tags?post=100072"}],"curies":[{"name":"wp","href":"https:\/\/api.w.org\/{rel}","templated":true}]}}