{"id":10011,"date":"2019-08-16T11:20:36","date_gmt":"2019-08-16T16:20:36","guid":{"rendered":"http:\/\/diariodigitalmx.com\/?p=10011"},"modified":"2019-08-16T11:22:19","modified_gmt":"2019-08-16T16:22:19","slug":"ivonne-ortega-deja-el-pri-tras-perder-la-eleccion","status":"publish","type":"post","link":"https:\/\/diariodigitalmx.com\/index.php\/2019\/08\/16\/ivonne-ortega-deja-el-pri-tras-perder-la-eleccion\/","title":{"rendered":"Ivonne Ortega deja el PRI tras perder la elecci\u00f3n"},"content":{"rendered":"\n<p>*La ex candidata a la presidencia del Partido Revolucionario Institucional (PRI), Ivonne Ortega Pacheco, present\u00f3 su renuncia al partido tras 29 a\u00f1os de militancia.<\/p>\n\n\n\n<p><\/p>\n\n\n\n<p>Tras perder la contienda interna por la dirigencia nacional del PRI, Ivonne Ortega renunci\u00f3 a las filas del tricolor donde milit\u00f3 por 29 a\u00f1os no sin antes acusar de ileg\u00edtima la presidencia que encabezar\u00e1 a partir de este domingo Alejandro Moreno.<br><\/p>\n\n\n\n<p>En congruencia con mis convicciones democr\u00e1ticas, hoy he presentado mi renuncia al PRI despu\u00e9s de 29 a\u00f1os de militancia. Siempre estar\u00e9 agradecida por las experiencias, las oportunidades y por los amigos y amigas que me brind\u00f3\u201d estableci\u00f3.<\/p>\n\n\n\n<p><br><\/p>\n\n\n\n<figure class=\"wp-block-image\"><img loading=\"lazy\" decoding=\"async\" width=\"549\" height=\"1024\" src=\"http:\/\/diariodigitalmx.com\/wp-content\/uploads\/2019\/08\/Screenshot_20190816-1116152-549x1024.png\" alt=\"\" class=\"wp-image-10016\" srcset=\"https:\/\/diariodigitalmx.com\/wp-content\/uploads\/2019\/08\/Screenshot_20190816-1116152-549x1024.png 549w, https:\/\/diariodigitalmx.com\/wp-content\/uploads\/2019\/08\/Screenshot_20190816-1116152-161x300.png 161w, https:\/\/diariodigitalmx.com\/wp-content\/uploads\/2019\/08\/Screenshot_20190816-1116152-768x1433.png 768w, https:\/\/diariodigitalmx.com\/wp-content\/uploads\/2019\/08\/Screenshot_20190816-1116152.png 785w\" sizes=\"(max-width: 549px) 100vw, 549px\" \/><\/figure>\n\n\n\n<p>En un mensaje a trav\u00e9s de sus redes, Ortega calific\u00f3 las pasadas elecciones internas del tricolor como \u201c&nbsp; una de las jornadas m\u00e1s vergonzosas del PRI.  Asegur\u00f3 que si se insiste en esas viejas pr\u00e1cticas y ma\u00f1as el PRI solo tlene una ruta : la extinci\u00f3n<br><\/p>\n\n\n\n<p>Ortega explic\u00f3 que como \u00faltimo gesto hacia el PRI no impugnara ese proceso por los efectos que tendr\u00eda hacia el partido pues tiene militancia que no se merece eso.<br><\/p>\n\n\n\n<p>Apenas hace unos d\u00edas, Ortega hab\u00eda asegurado que dar\u00eda la lucha al interior del PRI para democratizarlo desde sus entra\u00f1as.<br><\/p>\n\n\n\n<p>Se menciona que Ivonne Ortega se integrar\u00e1 a la organizaci\u00f3n Redes Sociales Progresistas (RSP), asociaci\u00f3n&nbsp; vinculada a Elba Esther Gordillo y que pretenden convertirse en un nuevo partido pol\u00edtico.<br><\/p>\n\n\n\n<figure class=\"wp-block-image\"><img loading=\"lazy\" decoding=\"async\" width=\"768\" height=\"1024\" src=\"http:\/\/diariodigitalmx.com\/wp-content\/uploads\/2019\/08\/carta-renuncia-768x1024.jpg\" alt=\"\" class=\"wp-image-10014\" srcset=\"https:\/\/diariodigitalmx.com\/wp-content\/uploads\/2019\/08\/carta-renuncia-768x1024.jpg 768w, https:\/\/diariodigitalmx.com\/wp-content\/uploads\/2019\/08\/carta-renuncia-225x300.jpg 225w, https:\/\/diariodigitalmx.com\/wp-content\/uploads\/2019\/08\/carta-renuncia.jpg 823w\" sizes=\"(max-width: 768px) 100vw, 768px\" \/><\/figure>\n","protected":false},"excerpt":{"rendered":"<p>*La ex candidata a la presidencia del Partido Revolucionario Institucional (PRI), Ivonne Ortega Pacheco, present\u00f3 su renuncia al partido tras 29 a\u00f1os de militancia. Tras perder la contienda interna por la dirigencia nacional del PRI, Ivonne Ortega renunci\u00f3 a las filas del tricolor donde milit\u00f3 por 29 a\u00f1os no sin antes acusar de ileg\u00edtima la [&hellip;]<\/p>\n","protected":false},"author":1,"featured_media":10013,"comment_status":"open","ping_status":"open","sticky":true,"template":"","format":"standard","meta":{"footnotes":""},"categories":[2],"tags":[],"_links":{"self":[{"href":"https:\/\/diariodigitalmx.com\/index.php\/wp-json\/wp\/v2\/posts\/10011"}],"collection":[{"href":"https:\/\/diariodigitalmx.com\/index.php\/wp-json\/wp\/v2\/posts"}],"about":[{"href":"https:\/\/diariodigitalmx.com\/index.php\/wp-json\/wp\/v2\/types\/post"}],"author":[{"embeddable":true,"href":"https:\/\/diariodigitalmx.com\/index.php\/wp-json\/wp\/v2\/users\/1"}],"replies":[{"embeddable":true,"href":"https:\/\/diariodigitalmx.com\/index.php\/wp-json\/wp\/v2\/comments?post=10011"}],"version-history":[{"count":3,"href":"https:\/\/diariodigitalmx.com\/index.php\/wp-json\/wp\/v2\/posts\/10011\/revisions"}],"predecessor-version":[{"id":10017,"href":"https:\/\/diariodigitalmx.com\/index.php\/wp-json\/wp\/v2\/posts\/10011\/revisions\/10017"}],"wp:featuredmedia":[{"embeddable":true,"href":"https:\/\/diariodigitalmx.com\/index.php\/wp-json\/wp\/v2\/media\/10013"}],"wp:attachment":[{"href":"https:\/\/diariodigitalmx.com\/index.php\/wp-json\/wp\/v2\/media?parent=10011"}],"wp:term":[{"taxonomy":"category","embeddable":true,"href":"https:\/\/diariodigitalmx.com\/index.php\/wp-json\/wp\/v2\/categories?post=10011"},{"taxonomy":"post_tag","embeddable":true,"href":"https:\/\/diariodigitalmx.com\/index.php\/wp-json\/wp\/v2\/tags?post=10011"}],"curies":[{"name":"wp","href":"https:\/\/api.w.org\/{rel}","templated":true}]}}