{"id":100151,"date":"2023-06-19T08:46:51","date_gmt":"2023-06-19T13:46:51","guid":{"rendered":"http:\/\/diariodigitalmx.com\/?p=100151"},"modified":"2023-06-19T08:47:37","modified_gmt":"2023-06-19T13:47:37","slug":"se-busca-candidato-suena-arturo-elias","status":"publish","type":"post","link":"https:\/\/diariodigitalmx.com\/index.php\/2023\/06\/19\/se-busca-candidato-suena-arturo-elias\/","title":{"rendered":"Se busca candidato. Suena Arturo El\u00edas"},"content":{"rendered":"\n<p><br>De frente y de Perfil<br>Ram\u00f3n Zurita Sahag\u00fan<br>Los botones de alarma comienzan a encenderse entre los partidos de oposici\u00f3n, ya que mientras las \u201ccorcholatas\u201d avanzan por un sendero c\u00f3modo, en el que los contratiempos se manifestar\u00e1n entre ellos mismos, la oposici\u00f3n se debate entre los lineamientos para elegir candidato y la poca oferta existente.<br>Ni la l\u00e1mpara de Di\u00f3genes les sirve para encontrar a una persona honesta, ya que el sendero exige otras caracter\u00edsticas.<br>Se busca alguien con preparaci\u00f3n, empat\u00eda, carisma, conocimiento e ideas, que pueda empatar con el electorado y que adem\u00e1s sepa convocarlo a las urnas, no solamente con promesas, sino tambi\u00e9n con acciones.<br>El pr\u00f3ximo lunes, los integrantes de la alianza dar\u00e1n a conocer sus condicionamientos para que de ellos surja un solo candidato a o candidata que pueda competir en igualdad de circunstancias con quien sea \u00e9l o la elegida de la coalici\u00f3n formada por MORENA, PT y PVEM.<br>Ser\u00e1 a partir del lunes 26 cuando se advierte a menos de un a\u00f1o de los comicios si habr\u00e1 \u201ctiro\u201d entre MORENA y sus aliados y los de la oposici\u00f3n o si \u00e9l o la favorita ir\u00e1n bajo el cobijo de una sombra que los guiar\u00e1 tranquilamente a la prolongaci\u00f3n de la 4T.<br>Pero si el partido gobernante se encuentra contento, pero no confiado en su eventual victoria, dentro de la alianza comienzan a evaluar los nombres de sus aspirantes e incr\u00e9dulos advierten que con lo que tienen poco les alcanzar\u00eda.<br>La inquietud es grande y ya hay quienes buscan convencer a Diego Fern\u00e1ndez de Cevallos para participe nuevamente como abanderado.<br>Y es que Diego es uno de los pocos que le responden con fuerza al Presidente L\u00f3pez Obrador y conf\u00edan en que a sus 82 a\u00f1os pueda convertirse en un contendiente fuerte.<br>Francisco Labastida Ochoa un a\u00f1o menor es buscado con insistencia, aunque no para competir, sino para abrevar de sus fallidas experiencias del pasado y no cometer los mismos errores.<br>Vicente Fox se ofrece como consejero y dispuesto a dar sus conocimientos para delinear la estrategia a seguir, mediante su v\u00edboras y tepocatas.<br>La idea de la sociedad civil para que proponga un candidato no est\u00e1 descartada, aunque no ser\u00e1n ni Claudio X Gonz\u00e1lez, ni Gustavo de Hoyos y mucho menos Demetrio Sodi. Eso s\u00ed se busca convencer a un empresario que tenga talento, carisma, manejo de redes y hasta recursos y todos las flechas se\u00f1alan a uno mismo, Arturo El\u00edas Ayub.<br>El empresario se ha vuelto un fen\u00f3meno de las redes sociales, debido a su chispa e ingenio y hace poco revent\u00f3 las redes con su cumplea\u00f1os donde invit\u00f3 a todo aquel que quisiera festejarlo con \u00e9l y acudieron unos pocos miles que compartieron los tacos y refrescos con \u00e9l en un parque p\u00fablico.<br>El\u00edas Ayub es un pr\u00f3spero empresario, yerno de Carlos Slim, con fortuna propia y que en televisi\u00f3n tambi\u00e9n destaca en un programa impulsor de nuevos talentos empresariales.<br>Arturo El\u00edas destaca por su trayectoria, alejado de los perfiles pol\u00edticos y acad\u00e9micos, pero con singular agudeza, no act\u00faa con pose, ni prepotencia y es un diamante que todav\u00eda se puede pulir m\u00e1s, para convertirse en un candidato exitoso.<br>Es cierto que en varias ocasiones los partidos se han acercado a \u00e9l para ofrecer alguna nominaci\u00f3n a cargos de elecci\u00f3n popular, pero no la candidatura presidencial, la que podr\u00eda ser la piedra angular que lo haga aceptar.<br>Ser\u00eda un candidato ciudadano que bien pudiera impactar entre el electorado.<br>\u2026\u2026\u2026\u2026\u2026\u2026\u2026\u2026..<br>Despu\u00e9s de 16 a\u00f1os de no celebrar elecciones en la secci\u00f3n 9 del SNTE, el profesor Ulises Ch\u00e1vez result\u00f3 electo, arrebat\u00e1ndole ese reducto a la CNTE. Con esto el SNTE ha realizado 42 cambios de secciones en todo el pa\u00eds. Esa secci\u00f3n tiene una interesante historia, ya que fue en ella en la que naci\u00f3 la Coordinadora Nacional de Trabajadores de la Educaci\u00f3n (CNTE) bajo la batuta de Teodoro Palomino.<br>Email: ramonzurita44@hotmail.com<\/p>\n","protected":false},"excerpt":{"rendered":"<p>De frente y de PerfilRam\u00f3n Zurita Sahag\u00fanLos botones de alarma comienzan a encenderse entre los partidos de oposici\u00f3n, ya que mientras las \u201ccorcholatas\u201d avanzan por un sendero c\u00f3modo, en el que los contratiempos se manifestar\u00e1n entre ellos mismos, la oposici\u00f3n se debate entre los lineamientos para elegir candidato y la poca oferta existente.Ni la l\u00e1mpara [&hellip;]<\/p>\n","protected":false},"author":1,"featured_media":100153,"comment_status":"open","ping_status":"open","sticky":true,"template":"","format":"standard","meta":{"footnotes":""},"categories":[12,5],"tags":[],"_links":{"self":[{"href":"https:\/\/diariodigitalmx.com\/index.php\/wp-json\/wp\/v2\/posts\/100151"}],"collection":[{"href":"https:\/\/diariodigitalmx.com\/index.php\/wp-json\/wp\/v2\/posts"}],"about":[{"href":"https:\/\/diariodigitalmx.com\/index.php\/wp-json\/wp\/v2\/types\/post"}],"author":[{"embeddable":true,"href":"https:\/\/diariodigitalmx.com\/index.php\/wp-json\/wp\/v2\/users\/1"}],"replies":[{"embeddable":true,"href":"https:\/\/diariodigitalmx.com\/index.php\/wp-json\/wp\/v2\/comments?post=100151"}],"version-history":[{"count":1,"href":"https:\/\/diariodigitalmx.com\/index.php\/wp-json\/wp\/v2\/posts\/100151\/revisions"}],"predecessor-version":[{"id":100152,"href":"https:\/\/diariodigitalmx.com\/index.php\/wp-json\/wp\/v2\/posts\/100151\/revisions\/100152"}],"wp:featuredmedia":[{"embeddable":true,"href":"https:\/\/diariodigitalmx.com\/index.php\/wp-json\/wp\/v2\/media\/100153"}],"wp:attachment":[{"href":"https:\/\/diariodigitalmx.com\/index.php\/wp-json\/wp\/v2\/media?parent=100151"}],"wp:term":[{"taxonomy":"category","embeddable":true,"href":"https:\/\/diariodigitalmx.com\/index.php\/wp-json\/wp\/v2\/categories?post=100151"},{"taxonomy":"post_tag","embeddable":true,"href":"https:\/\/diariodigitalmx.com\/index.php\/wp-json\/wp\/v2\/tags?post=100151"}],"curies":[{"name":"wp","href":"https:\/\/api.w.org\/{rel}","templated":true}]}}