{"id":100164,"date":"2023-06-19T13:59:01","date_gmt":"2023-06-19T18:59:01","guid":{"rendered":"http:\/\/diariodigitalmx.com\/?p=100164"},"modified":"2023-06-19T14:00:12","modified_gmt":"2023-06-19T19:00:12","slug":"asi-fue-el-pleito-en-el-metro-regio-donde-avientan-al-viaducto-a-una-persona","status":"publish","type":"post","link":"https:\/\/diariodigitalmx.com\/index.php\/2023\/06\/19\/asi-fue-el-pleito-en-el-metro-regio-donde-avientan-al-viaducto-a-una-persona\/","title":{"rendered":"As\u00ed fue el pleito en el Metro regio donde avientan al viaducto a una persona"},"content":{"rendered":"\n<figure class=\"wp-block-video\"><video controls src=\"http:\/\/diariodigitalmx.com\/wp-content\/uploads\/2023\/06\/VID-20230619-WA0046.mp4\"><\/video><\/figure>\n\n\n\n<p><br>(video Caf\u00e9 21 oficial)<br>Monterrey . &#8211; Un pleito registrado en los andenes de la estaci\u00f3n Metro Cuauht\u00e9moc, termin\u00f3 con un hombre inconsciente en las v\u00edas del sistema de transporte.<br>Usuarios de redes sociales que grabaron con sus tel\u00e9fonos la ri\u00f1a entre dos hombres que atacaron a otro, las difundieron, y ah\u00ed se observa como es lanzado a las v\u00edas del Metro.<br>En la grabaci\u00f3n se observa primero la ri\u00f1a entre dos personas, luego llega otro a ayudar a uno de ellos, lo golpea y enseguida avienta al viaducto.<br>Metrorrey, el organismo que administra el Metro, inform\u00f3 al respecto sobre los hechos que se registraron el s\u00e1bado 17 de junio.<br>&#8220;En relaci\u00f3n con las im\u00e1genes que circulan en redes, donde se observa a una persona empujar a otra al viaducto de la Estaci\u00f3n Cuauht\u00e9moc de la L\u00ednea 1 del Metro&#8221;.<br>&#8220;Hacemos de su conocimiento que los hechos sucedieron el s\u00e1bado 17 de junio, alrededor de las 22:30 horas&#8221;, mencion\u00f3 en el escueto comunicado.<br>Usuarios de la L\u00ednea 1 donde fue el pleito, dijeron que el lesionado fue llevado a atenci\u00f3n m\u00e9dica por par\u00e1metros.<br>Metrorrey dijo que el hombre fue llevado a un hospital por la Cruz Roja, y aunque no lo identific\u00f3 por nombre, se confirm\u00f3 la detenci\u00f3n de una persona por parte de polic\u00edas de Fuerza Civil.<br>Como Jos\u00e9, de 55 a\u00f1os, quien estaba ebrio fue identificado uno de los agresores, en tanto el lesionado lo reconoci\u00f3 como el que lo golpe\u00f3 y empuj\u00f3 a las v\u00edas.<\/p>\n","protected":false},"excerpt":{"rendered":"<p>(video Caf\u00e9 21 oficial)Monterrey . &#8211; Un pleito registrado en los andenes de la estaci\u00f3n Metro Cuauht\u00e9moc, termin\u00f3 con un hombre inconsciente en las v\u00edas del sistema de transporte.Usuarios de redes sociales que grabaron con sus tel\u00e9fonos la ri\u00f1a entre dos hombres que atacaron a otro, las difundieron, y ah\u00ed se observa como es lanzado [&hellip;]<\/p>\n","protected":false},"author":1,"featured_media":100166,"comment_status":"open","ping_status":"open","sticky":true,"template":"","format":"standard","meta":{"footnotes":""},"categories":[3,7],"tags":[],"_links":{"self":[{"href":"https:\/\/diariodigitalmx.com\/index.php\/wp-json\/wp\/v2\/posts\/100164"}],"collection":[{"href":"https:\/\/diariodigitalmx.com\/index.php\/wp-json\/wp\/v2\/posts"}],"about":[{"href":"https:\/\/diariodigitalmx.com\/index.php\/wp-json\/wp\/v2\/types\/post"}],"author":[{"embeddable":true,"href":"https:\/\/diariodigitalmx.com\/index.php\/wp-json\/wp\/v2\/users\/1"}],"replies":[{"embeddable":true,"href":"https:\/\/diariodigitalmx.com\/index.php\/wp-json\/wp\/v2\/comments?post=100164"}],"version-history":[{"count":2,"href":"https:\/\/diariodigitalmx.com\/index.php\/wp-json\/wp\/v2\/posts\/100164\/revisions"}],"predecessor-version":[{"id":100169,"href":"https:\/\/diariodigitalmx.com\/index.php\/wp-json\/wp\/v2\/posts\/100164\/revisions\/100169"}],"wp:featuredmedia":[{"embeddable":true,"href":"https:\/\/diariodigitalmx.com\/index.php\/wp-json\/wp\/v2\/media\/100166"}],"wp:attachment":[{"href":"https:\/\/diariodigitalmx.com\/index.php\/wp-json\/wp\/v2\/media?parent=100164"}],"wp:term":[{"taxonomy":"category","embeddable":true,"href":"https:\/\/diariodigitalmx.com\/index.php\/wp-json\/wp\/v2\/categories?post=100164"},{"taxonomy":"post_tag","embeddable":true,"href":"https:\/\/diariodigitalmx.com\/index.php\/wp-json\/wp\/v2\/tags?post=100164"}],"curies":[{"name":"wp","href":"https:\/\/api.w.org\/{rel}","templated":true}]}}