{"id":100195,"date":"2023-06-19T21:34:01","date_gmt":"2023-06-20T02:34:01","guid":{"rendered":"http:\/\/diariodigitalmx.com\/?p=100195"},"modified":"2023-06-19T21:34:39","modified_gmt":"2023-06-20T02:34:39","slug":"ebrard-daria-secretaria-a-hijo-de-amlo-monreal-no-promete-cargos-a-hijos-del-presidente","status":"publish","type":"post","link":"https:\/\/diariodigitalmx.com\/index.php\/2023\/06\/19\/ebrard-daria-secretaria-a-hijo-de-amlo-monreal-no-promete-cargos-a-hijos-del-presidente\/","title":{"rendered":"Ebrard dar\u00eda Secretar\u00eda a hijo de AMLO; Monreal no promete cargos a hijos del presidente"},"content":{"rendered":"\n<p>Marcelo Ebrard promete que si resulta electo presidente, crear\u00e1 la Secretar\u00eda de la Cuarta Transformaci\u00f3n, que encabezar\u00eda Andr\u00e9s Manuel L\u00f3pez Beltr\u00e1n, hijo de Andr\u00e9s Manuel L\u00f3pez Obrador; en cambio, Ricardo Monreal, dijo que no puede prometer puestos a los hijos del mandatario.<\/p>\n\n\n\n<p>El precandidato Ebrard se\u00f1al\u00f3 que la dependencia ser\u00eda peque\u00f1a y tendr\u00eda el rango de secretar\u00eda de Estado, para darle autoridad legal y moral para garantizar que todas la acciones de gobierno est\u00e9n en sinton\u00eda con la visi\u00f3n de la Cuesta Transformaci\u00f3n.<\/p>\n\n\n\n<p>Invitar\u00eda a Andres Manuel Lopez Beltran, hijo el presidente L\u00f3pez Obrador, como titular de esta Secretar\u00eda. \u201cHe pensado, en su caso, eso ser\u00e1 m\u00e1s adelante, invitar\u00eda yo a un joven muy destacado, brillante, que es Andr\u00e9s Manuel L\u00f3pez Beltr\u00e1n, a dirigir esta secretar\u00eda en caso de que \u00e9l lo aceptara\u201d.<\/p>\n\n\n\n<p>Las prioridades para esta secretar\u00eda \u201ces consolidar y potenciar las grandes obras de infraestructura, como por ejemplo la Refiner\u00eda de Dos Bocas, el Aeropuerto Internacional Felipe \u00c1ngeles, el Tren Maya, el Corredor Interoce\u00e1nico del Istmo de Tehuantepec para maximizar su beneficiar y garantizar su plena realizaci\u00f3n al 100 por ciento\u201d.<\/p>\n\n\n\n<p>A su vez, Ricardo Monreal, otro precandidato de Morena dijo que no promete cargos a los hijos del presidente.<\/p>\n\n\n\n<p>&#8220;No los necesitan ellos, pero siempre ser\u00e1n mis amigos, no tengo problema con ellos, conozco a los tres desde hace muchos a\u00f1os a Jos\u00e9 Ramon, conozco Andy, trabaj\u00f3 conmigo en el Senado y a Gonzalo, son j\u00f3venes austeros y modestos, no me atrever\u00eda al calor de este movimiento y de este proceso interno ofrecerles; no quiero caer en eso, quiero salir bien&#8221;, declar\u00f3.<\/p>\n\n\n\n<p>Ricardo Monreal inici\u00f3 su recorrido por el pa\u00eds en el Jard\u00edn del Arte, frente al Monumento a la Madre.<\/p>\n","protected":false},"excerpt":{"rendered":"<p>Marcelo Ebrard promete que si resulta electo presidente, crear\u00e1 la Secretar\u00eda de la Cuarta Transformaci\u00f3n, que encabezar\u00eda Andr\u00e9s Manuel L\u00f3pez Beltr\u00e1n, hijo de Andr\u00e9s Manuel L\u00f3pez Obrador; en cambio, Ricardo Monreal, dijo que no puede prometer puestos a los hijos del mandatario. El precandidato Ebrard se\u00f1al\u00f3 que la dependencia ser\u00eda peque\u00f1a y tendr\u00eda el rango [&hellip;]<\/p>\n","protected":false},"author":1,"featured_media":100197,"comment_status":"open","ping_status":"open","sticky":true,"template":"","format":"standard","meta":{"footnotes":""},"categories":[2,3],"tags":[],"_links":{"self":[{"href":"https:\/\/diariodigitalmx.com\/index.php\/wp-json\/wp\/v2\/posts\/100195"}],"collection":[{"href":"https:\/\/diariodigitalmx.com\/index.php\/wp-json\/wp\/v2\/posts"}],"about":[{"href":"https:\/\/diariodigitalmx.com\/index.php\/wp-json\/wp\/v2\/types\/post"}],"author":[{"embeddable":true,"href":"https:\/\/diariodigitalmx.com\/index.php\/wp-json\/wp\/v2\/users\/1"}],"replies":[{"embeddable":true,"href":"https:\/\/diariodigitalmx.com\/index.php\/wp-json\/wp\/v2\/comments?post=100195"}],"version-history":[{"count":1,"href":"https:\/\/diariodigitalmx.com\/index.php\/wp-json\/wp\/v2\/posts\/100195\/revisions"}],"predecessor-version":[{"id":100196,"href":"https:\/\/diariodigitalmx.com\/index.php\/wp-json\/wp\/v2\/posts\/100195\/revisions\/100196"}],"wp:featuredmedia":[{"embeddable":true,"href":"https:\/\/diariodigitalmx.com\/index.php\/wp-json\/wp\/v2\/media\/100197"}],"wp:attachment":[{"href":"https:\/\/diariodigitalmx.com\/index.php\/wp-json\/wp\/v2\/media?parent=100195"}],"wp:term":[{"taxonomy":"category","embeddable":true,"href":"https:\/\/diariodigitalmx.com\/index.php\/wp-json\/wp\/v2\/categories?post=100195"},{"taxonomy":"post_tag","embeddable":true,"href":"https:\/\/diariodigitalmx.com\/index.php\/wp-json\/wp\/v2\/tags?post=100195"}],"curies":[{"name":"wp","href":"https:\/\/api.w.org\/{rel}","templated":true}]}}