{"id":100250,"date":"2023-06-20T21:36:24","date_gmt":"2023-06-21T02:36:24","guid":{"rendered":"http:\/\/diariodigitalmx.com\/?p=100250"},"modified":"2023-06-20T21:37:08","modified_gmt":"2023-06-21T02:37:08","slug":"resentidos-matan-al-pri","status":"publish","type":"post","link":"https:\/\/diariodigitalmx.com\/index.php\/2023\/06\/20\/resentidos-matan-al-pri\/","title":{"rendered":"Resentidos \u201cmatan\u201d al PRI"},"content":{"rendered":"\n<p>Por Salvador Hern\u00e1ndez <strong><em>LANDEROS<\/em><\/strong><\/p>\n\n\n\n<p>Al Partido Revolucionario Institucional, PRI, no lo han minado sus adversarios u opositores. <strong><em>De eso se han encargado los mismos priistas resentidos<\/em><\/strong>.<\/p>\n\n\n\n<p>Las pugnas internas por el poder pol\u00edtico y econ\u00f3mico, lo han venido minando en las \u00faltimas tres d\u00e9cadas<strong><em>. A nivel nacional, con el crimen de Colosio<\/em><\/strong>.<\/p>\n\n\n\n<p><strong><em>En NL, el PRI vino abajo luego de la ca\u00edda del gobernador S\u00f3crates Rizzo y el arribo del sustituto Benjam\u00edn Clariond, con una alternancia pactada.<\/em><\/strong><\/p>\n\n\n\n<p><strong><em>A partir de entonces crecieron los acuerdos e intereses entre PRI, PAN y otros poderes f\u00e1ticos dentro de una burbuja denominada \u201cDemocracia\u201d.<\/em><\/strong><\/p>\n\n\n\n<p>Entre los gobernadores priistas de Nuevo Le\u00f3n hay un parteaguas. <strong><em>Antes y despu\u00e9s de S\u00f3crates Rizzo. Son 20 a\u00f1os, <\/em><\/strong>del 2003 al 2023, que vive el declive.<\/p>\n\n\n\n<p>En esos 20 a\u00f1os, hubo dos gobernadores priistas, <strong><em>Jos\u00e9 Natividad Gonz\u00e1lez Paras y Rodrigo Medina<\/em><\/strong>. De ah\u00ed parte la desbandada y resentimiento.<\/p>\n\n\n\n<p>Los priistas que gobernaron antes del parteaguas, septuagenarios y otros octogenarios a\u00fan vivos, <strong><em>saben que el PRI se \u201clo est\u00e1n acabando los priistas<\/em><\/strong>\u201d.<\/p>\n\n\n\n<p>No dicen nombres, pero se nota qui\u00e9nes son. <strong><em>Los sesentones (nativistas) y los cincuentones (medinistas),<\/em><\/strong> que filtran informaci\u00f3n para el lodazal.<\/p>\n\n\n\n<p>El quiebre del grupo, que inici\u00f3 en el 2003, se dio el 2015 y lo atribuyen a que \u201c<strong><em>el alumno super\u00f3 al maestro\u201d, sobre todo, en afectos presidenciales<\/em><\/strong>.<\/p>\n\n\n\n<p><strong><em>Son muchos nombres los que mencionan cuando exponen razones por las que el PRI estar\u00eda en riesgo de perder su registro, al menos en NL, en el 24<\/em><\/strong>.<\/p>\n\n\n\n<p>Y todo por \u201c<strong><em>el poder y la avaricia<\/em><\/strong>\u201d, en el que los \u201c<strong><em>viejos\u201d pol\u00edticos le echan lado a los \u201cj\u00f3venes\u201d<\/em><\/strong> que en su momento los desplazaron.&nbsp; O sea<strong><em>, si no soy yo, nadie.<\/em><\/strong><\/p>\n\n\n\n<p><a href=\"mailto:chavalolanderos@yahoo.com.mx\"><strong><em>chavalolanderos@yahoo.com.mx<\/em><\/strong><\/a><strong><em><\/em><\/strong><\/p>\n","protected":false},"excerpt":{"rendered":"<p>Por Salvador Hern\u00e1ndez LANDEROS Al Partido Revolucionario Institucional, PRI, no lo han minado sus adversarios u opositores. De eso se han encargado los mismos priistas resentidos. Las pugnas internas por el poder pol\u00edtico y econ\u00f3mico, lo han venido minando en las \u00faltimas tres d\u00e9cadas. A nivel nacional, con el crimen de Colosio. En NL, el [&hellip;]<\/p>\n","protected":false},"author":1,"featured_media":100252,"comment_status":"open","ping_status":"open","sticky":true,"template":"","format":"standard","meta":{"footnotes":""},"categories":[12,5],"tags":[],"_links":{"self":[{"href":"https:\/\/diariodigitalmx.com\/index.php\/wp-json\/wp\/v2\/posts\/100250"}],"collection":[{"href":"https:\/\/diariodigitalmx.com\/index.php\/wp-json\/wp\/v2\/posts"}],"about":[{"href":"https:\/\/diariodigitalmx.com\/index.php\/wp-json\/wp\/v2\/types\/post"}],"author":[{"embeddable":true,"href":"https:\/\/diariodigitalmx.com\/index.php\/wp-json\/wp\/v2\/users\/1"}],"replies":[{"embeddable":true,"href":"https:\/\/diariodigitalmx.com\/index.php\/wp-json\/wp\/v2\/comments?post=100250"}],"version-history":[{"count":1,"href":"https:\/\/diariodigitalmx.com\/index.php\/wp-json\/wp\/v2\/posts\/100250\/revisions"}],"predecessor-version":[{"id":100251,"href":"https:\/\/diariodigitalmx.com\/index.php\/wp-json\/wp\/v2\/posts\/100250\/revisions\/100251"}],"wp:featuredmedia":[{"embeddable":true,"href":"https:\/\/diariodigitalmx.com\/index.php\/wp-json\/wp\/v2\/media\/100252"}],"wp:attachment":[{"href":"https:\/\/diariodigitalmx.com\/index.php\/wp-json\/wp\/v2\/media?parent=100250"}],"wp:term":[{"taxonomy":"category","embeddable":true,"href":"https:\/\/diariodigitalmx.com\/index.php\/wp-json\/wp\/v2\/categories?post=100250"},{"taxonomy":"post_tag","embeddable":true,"href":"https:\/\/diariodigitalmx.com\/index.php\/wp-json\/wp\/v2\/tags?post=100250"}],"curies":[{"name":"wp","href":"https:\/\/api.w.org\/{rel}","templated":true}]}}