{"id":100266,"date":"2023-06-21T07:20:14","date_gmt":"2023-06-21T12:20:14","guid":{"rendered":"http:\/\/diariodigitalmx.com\/?p=100266"},"modified":"2023-06-21T07:20:47","modified_gmt":"2023-06-21T12:20:47","slug":"efemerides-6","status":"publish","type":"post","link":"https:\/\/diariodigitalmx.com\/index.php\/2023\/06\/21\/efemerides-6\/","title":{"rendered":"Efem\u00e9rides"},"content":{"rendered":"\n<p>Buen D\u00eda<br>\u00a1Que As\u00ed sea!<br>Ya Cant\u00f3 El Gallo<br>Ya es MI\u00c9RCOLES 21 de Junio<br>Saludos desde el Sur de Monterrey<\/p>\n\n\n\n<h1 class=\"wp-block-heading\">T\u00edoTo\u00f1o<\/h1>\n\n\n\n<p>Santoral: Demetria, Jose Isabel, Luis<\/p>\n\n\n\n<p>D\u00eda Mundial vs la ELA (Esclerosis Lateral Amiotr\u00f3fica)<\/p>\n\n\n\n<p>D\u00eda Internacional del Yoga<\/p>\n\n\n\n<p>Inicio del Verano<\/p>\n\n\n\n<p>1377 Muere en Sheen (Inglaterra) el rey Eduardo III. Su pretensi\u00f3n sobre la corona francesa fue el origen de la \u201cGuerra de los Cien A\u00f1os\u201d.<br>1527 Muere el fil\u00f3sofo, historiador y pol\u00edtico italiano Nicol\u00e1s Maquiavelo, cuyos escritos convierten su nombre en un sin\u00f3nimo de astucia y duplicidad. El maquiavelismo, como t\u00e9rmino, ha sido utilizado para describir los principios del poder pol\u00edtico, a partir de la m\u00e1xima &#8220;el fin justifica los medios&#8221;.<br>1531 En su avance hacia el norte del imperio azteca, los espa\u00f1oles llegan a Ixtachichimicapan, hoy San Juan del R\u00edo, Quer\u00e9taro, y entablan pl\u00e1ticas con los otom\u00edes pobladores de esa regi\u00f3n, inst\u00e1ndolos a rendirse pac\u00edficamente. Las pl\u00e1ticas fracasan y los naturales inician los combates en diferentes frentes.<br>1548 El rey de Espa\u00f1a y emperador de Alemania, Carlos V, otorga a la ciudad de M\u00e9xico el t\u00edtulo de &#8220;Muy Noble y Muy Leal&#8221;<br>1810 Nace Manuel Payno, escritor, periodista y poli\u0301tico mexicano, autor de \u201cLos bandidos de Ri\u0301o Fri\u0301o\u201d.<br>1827 Muere Joaqui\u0301n Ferna\u0301ndez de Lizardi, periodista y novelista, fundador del perio\u0301dico \u201cEl Pensador Mexicano\u201d, y autor de \u201cEl Periquillo Sarniento\u201d, entre otros libros.<br>1834 En Estados Unidos, Cyrus McCormick patenta la cosechadora mec\u00e1nica.<br>1867 Aniversario de la victoria de las armas nacionales sobre el Imperio de Maximiliano de Habsburgo.<br>1876 En las primeras horas de este d\u00eda muere en la ciudad de M\u00e9xico el general Antonio L\u00f3pez de Santa Anna, quien detent\u00f3 en once ocasiones la Presidencia de la Rep\u00fablica.<br>1897 Nace en Ucrania Yuri Kondratyuk, cient\u00edfico &#8211; el inventor de la \u00e9poca sovi\u00e9tica, uno de los pioneros de la ingenier\u00eda espacial y la teor\u00eda de los vuelos espaciales.<br>1905 En Par\u00eds, Francia, nace Jean-Paul Sartre, fil\u00f3sofo, escritor y dramaturgo franc\u00e9s, m\u00e1ximo exponente del existencialismo cuyo pensamiento pol\u00edtico se inclina hacia el socialismo.<br>1908 Muere el ruso Nikol\u00e1i Rimsky-K\u00f3rsakov. C\u00e9lebre por composiciones como &#8220;Capricho espa\u00f1ol&#8221;, &#8220;Scherezada&#8221; o &#8220;La doncella de nieve&#8221;.<br>1908 En un soleado domingo, tras una marcha, se re\u00fanen en Hyde Park (Londres, Reino Unido) unas 250,000 personas, en gran parte mujeres, en lo que se convierte en la mayor concentraci\u00f3n de protesta hasta entonces conocida, para reclamar el derecho al voto femenino.<br>1914 Muere Bertha von Suttner, pacifista y escritora austr\u00edaca, premio Nobel de la paz en 1905.<br>1924 Nace en Argentina la actriz naturalizada mexicana Marga L\u00f3pez. Act\u00faa en teatro; en cine con 83 filmes como &#8220;Los tres Garc\u00eda&#8221;, &#8220;Sal\u00f3n M\u00e9xico&#8221; y &#8220;Nazar\u00edn&#8221;.<br>1929 Termina el conflicto religioso entre la Iglesia y el gobierno Mexicano, acuerdan reanudar servicios religiosos, suspendidos desde 1926.<br>1970 Muere el artista michoacano, Antonio G\u00f3mez Rodr\u00edguez, creador del Escudo Nacional.<br>1997 En M\u00e9xico, muere Fidel Vel\u00e1zquez, l\u00edder obrero.<br>2000 La NASA encuentra indicios de agua en Marte.<br>2002 La Organizaci\u00f3n Mundial de la Salud declara a Europa zona libre de poliomielitis.<br>2009 En Par\u00eds, Francia, es inaugurado el Museo de la Tira C\u00f3mica, considerado el Louvre de los caricaturistas, con m\u00e1s de ocho mil dibujos y m\u00e1s de 110 mil revistas de todo el mundo.<\/p>\n\n\n\n<p>To\u00f1o Ch\u00e1vez<\/p>\n","protected":false},"excerpt":{"rendered":"<p>Buen D\u00eda\u00a1Que As\u00ed sea!Ya Cant\u00f3 El GalloYa es MI\u00c9RCOLES 21 de JunioSaludos desde el Sur de Monterrey T\u00edoTo\u00f1o Santoral: Demetria, Jose Isabel, Luis D\u00eda Mundial vs la ELA (Esclerosis Lateral Amiotr\u00f3fica) D\u00eda Internacional del Yoga Inicio del Verano 1377 Muere en Sheen (Inglaterra) el rey Eduardo III. Su pretensi\u00f3n sobre la corona francesa fue el [&hellip;]<\/p>\n","protected":false},"author":1,"featured_media":100145,"comment_status":"open","ping_status":"open","sticky":true,"template":"","format":"standard","meta":{"footnotes":""},"categories":[11,14],"tags":[],"_links":{"self":[{"href":"https:\/\/diariodigitalmx.com\/index.php\/wp-json\/wp\/v2\/posts\/100266"}],"collection":[{"href":"https:\/\/diariodigitalmx.com\/index.php\/wp-json\/wp\/v2\/posts"}],"about":[{"href":"https:\/\/diariodigitalmx.com\/index.php\/wp-json\/wp\/v2\/types\/post"}],"author":[{"embeddable":true,"href":"https:\/\/diariodigitalmx.com\/index.php\/wp-json\/wp\/v2\/users\/1"}],"replies":[{"embeddable":true,"href":"https:\/\/diariodigitalmx.com\/index.php\/wp-json\/wp\/v2\/comments?post=100266"}],"version-history":[{"count":1,"href":"https:\/\/diariodigitalmx.com\/index.php\/wp-json\/wp\/v2\/posts\/100266\/revisions"}],"predecessor-version":[{"id":100267,"href":"https:\/\/diariodigitalmx.com\/index.php\/wp-json\/wp\/v2\/posts\/100266\/revisions\/100267"}],"wp:featuredmedia":[{"embeddable":true,"href":"https:\/\/diariodigitalmx.com\/index.php\/wp-json\/wp\/v2\/media\/100145"}],"wp:attachment":[{"href":"https:\/\/diariodigitalmx.com\/index.php\/wp-json\/wp\/v2\/media?parent=100266"}],"wp:term":[{"taxonomy":"category","embeddable":true,"href":"https:\/\/diariodigitalmx.com\/index.php\/wp-json\/wp\/v2\/categories?post=100266"},{"taxonomy":"post_tag","embeddable":true,"href":"https:\/\/diariodigitalmx.com\/index.php\/wp-json\/wp\/v2\/tags?post=100266"}],"curies":[{"name":"wp","href":"https:\/\/api.w.org\/{rel}","templated":true}]}}