{"id":100274,"date":"2023-06-21T07:56:13","date_gmt":"2023-06-21T12:56:13","guid":{"rendered":"http:\/\/diariodigitalmx.com\/?p=100274"},"modified":"2023-06-21T07:56:45","modified_gmt":"2023-06-21T12:56:45","slug":"juan-ponce-de-leon-y-la-vanidad-del-hombre","status":"publish","type":"post","link":"https:\/\/diariodigitalmx.com\/index.php\/2023\/06\/21\/juan-ponce-de-leon-y-la-vanidad-del-hombre\/","title":{"rendered":"Juan Ponce de Le\u00f3n y la vanidad del hombre"},"content":{"rendered":"\n<p>Rodin<\/p>\n\n\n\n<p>La juventud no es un tiempo de la vida, es un estado del esp\u00edritu. \u201cMateo Alem\u00e1n\u201d. El atrevido y avasallador conquistador, fue el primer europeo que toc\u00f3 tierra en el norte de Am\u00e9rica y quien dio nombre a la pen\u00ednsula de la Florida en 1513. Como en un m\u00e1gico cuento ancestral, Luis L\u00f3pez Nieves, se sit\u00faa en la villa de san juan bautista puerto rico de am\u00e9rica, y asegura en su cr\u00f3nica hist\u00f3rica, \u201cla verdadera muerte de Juan Ponce de Le\u00f3n\u201d que fue un indio guerrero esclavo lleno de rencor y resentimiento nombrado Juanito, quien anhelaba la libertad, el que se propuso idear un plan que lo liberara de las podridas y pesadas cadenas que deten\u00edan su fr\u00e1gil cuerpo. Para ello Juanito, convence al conquistador, de navegar pasando la isla de cuba, y otras islas m\u00e1s. Para llegar a lo que despu\u00e9s se llamar\u00eda de la florida, en honor a la festividad de la pascua donde estaba una fuente de la eterna juventud, para despu\u00e9s venderle la idea que siendo m\u00e1s joven se ba\u00f1aba en esa espiritual fuente infinidad de veces, por lo que desde esas fechas no envejec\u00eda. Al asegurarle que ten\u00eda 118 a\u00f1os, aunque aparentaba de 20. Una vez desembarcado los castellanos, fueron emboscados por los indios caluses. Quienes le dieron certero flechazo envenenado a la altura de la axila al gran Ponce de Le\u00f3n, quien ya mortalmente herido, le suplico en la proa de la carabela a su indio Juanito que le vendiera su inmortalidad, a cambio de todas sus riquezas. El indio sin dudar, se acord\u00f3 de todo el sufrimiento que sobrellev\u00f3 su familia y \u00e9l, al ser esclavos y en lugar de perdonarlo con ofertar alguna oraci\u00f3n al creador para darle alguna posibilidad de inmortalidad. Le enterr\u00f3 todav\u00eda m\u00e1s la artera flecha, para as\u00ed hacerlo desmayar y no despertar nunca m\u00e1s, falleciendo a los pocos d\u00edas en la isla de cuba en 1521. Siendo enterrado en la catedral vieja de san juan puerto rico, en el interior de la memoria del indio vengativo, qued\u00f3 la mentira y la traici\u00f3n de ese aborigen nacido en una isla a las orillas de san juan. Por lo pronto el legado que nos dej\u00f3 Don Juan Ponce de Le\u00f3n, al no encontrar la fuente de la eterna juventud y transcurridos los tiempos de esta vida terrenal, fue el que los hombres, buscaran otra forma de apariencia en su rostro y cuerpo. As\u00ed vemos tintes de pelo para cubrir las canas, injertos de pelo para cubrir la calvicie, liposucci\u00f3n para quitarse kilos de m\u00e1s, blefarol\u00e1ser para eliminar las bolsas y las arrugas del contorno de los ojos, rellenos de \u00e1cido hialur\u00f3nico para combatir las ojeras, toxina botul\u00ednica para tratar las arrugas del entrecejo y la frente, neolifting o lifting asistido para quitar la papada. Y otras fuentes artificiales m\u00e1s de juventud. Por lo que la reflexi\u00f3n habla por s\u00ed sola. \u00a1Mendigo Juanito para que lo matabas! Ahora nos sale m\u00e1s costoso los m\u00faltiples tratamientos varoniles. Comentarios a&nbsp;<a rel=\"noreferrer noopener\" href=\"mailto:rodin2511@hotmail.com\" target=\"_blank\">rodin2511@hotmail.com<\/a><\/p>\n","protected":false},"excerpt":{"rendered":"<p>Rodin La juventud no es un tiempo de la vida, es un estado del esp\u00edritu. \u201cMateo Alem\u00e1n\u201d. El atrevido y avasallador conquistador, fue el primer europeo que toc\u00f3 tierra en el norte de Am\u00e9rica y quien dio nombre a la pen\u00ednsula de la Florida en 1513. Como en un m\u00e1gico cuento ancestral, Luis L\u00f3pez Nieves, [&hellip;]<\/p>\n","protected":false},"author":1,"featured_media":100276,"comment_status":"open","ping_status":"open","sticky":true,"template":"","format":"standard","meta":{"footnotes":""},"categories":[14,12],"tags":[],"_links":{"self":[{"href":"https:\/\/diariodigitalmx.com\/index.php\/wp-json\/wp\/v2\/posts\/100274"}],"collection":[{"href":"https:\/\/diariodigitalmx.com\/index.php\/wp-json\/wp\/v2\/posts"}],"about":[{"href":"https:\/\/diariodigitalmx.com\/index.php\/wp-json\/wp\/v2\/types\/post"}],"author":[{"embeddable":true,"href":"https:\/\/diariodigitalmx.com\/index.php\/wp-json\/wp\/v2\/users\/1"}],"replies":[{"embeddable":true,"href":"https:\/\/diariodigitalmx.com\/index.php\/wp-json\/wp\/v2\/comments?post=100274"}],"version-history":[{"count":2,"href":"https:\/\/diariodigitalmx.com\/index.php\/wp-json\/wp\/v2\/posts\/100274\/revisions"}],"predecessor-version":[{"id":100277,"href":"https:\/\/diariodigitalmx.com\/index.php\/wp-json\/wp\/v2\/posts\/100274\/revisions\/100277"}],"wp:featuredmedia":[{"embeddable":true,"href":"https:\/\/diariodigitalmx.com\/index.php\/wp-json\/wp\/v2\/media\/100276"}],"wp:attachment":[{"href":"https:\/\/diariodigitalmx.com\/index.php\/wp-json\/wp\/v2\/media?parent=100274"}],"wp:term":[{"taxonomy":"category","embeddable":true,"href":"https:\/\/diariodigitalmx.com\/index.php\/wp-json\/wp\/v2\/categories?post=100274"},{"taxonomy":"post_tag","embeddable":true,"href":"https:\/\/diariodigitalmx.com\/index.php\/wp-json\/wp\/v2\/tags?post=100274"}],"curies":[{"name":"wp","href":"https:\/\/api.w.org\/{rel}","templated":true}]}}