{"id":100282,"date":"2023-06-21T10:12:29","date_gmt":"2023-06-21T15:12:29","guid":{"rendered":"http:\/\/diariodigitalmx.com\/?p=100282"},"modified":"2023-06-21T10:13:08","modified_gmt":"2023-06-21T15:13:08","slug":"muere-el-periodista-nino-canun","status":"publish","type":"post","link":"https:\/\/diariodigitalmx.com\/index.php\/2023\/06\/21\/muere-el-periodista-nino-canun\/","title":{"rendered":"Muere el periodista Nino Can\u00fan"},"content":{"rendered":"\n<p>Falleci\u00f3 Ni\u00f1o Can\u00fan periodista, recordado por su programa &#8220;\u00bfY usted que opina?&#8221; en Televisa. Ten\u00eda 82 a\u00f1os.<\/p>\n\n\n\n<p>A inicio de la d\u00e9cada de los 90 se hizo famoso con el programa de tv Y usted \u00bfqu\u00e9 opina?, donde se abordaban temas de fen\u00f3menos paranormales como fantasmas, de pol\u00edtica y enfermedades como el VIH entre otros.<\/p>\n\n\n\n<p>Fue locutor en 1981 e hizo entrevistas para Imevisi\u00f3n, canal del Estado y a\u00f1os desp\u00faes fue el conductor del noticiero Enlace en Canal 11. Tambi\u00e9n estuvo en Radio F\u00f3rmula.<\/p>\n\n\n\n<p>&#8220;Agu\u00e1ntame el corte&#8221;, fue una de sus famosas frases.<\/p>\n\n\n\n<p>Con el uso de nuevas tecnologias lanz\u00f3 un canal de Youtube donde continu\u00f3 con su labor period\u00edstica pero preocup\u00f3 a la audiencia luego de que apareciera con un tanque ox\u00edgeno.<\/p>\n","protected":false},"excerpt":{"rendered":"<p>Falleci\u00f3 Ni\u00f1o Can\u00fan periodista, recordado por su programa &#8220;\u00bfY usted que opina?&#8221; en Televisa. Ten\u00eda 82 a\u00f1os. A inicio de la d\u00e9cada de los 90 se hizo famoso con el programa de tv Y usted \u00bfqu\u00e9 opina?, donde se abordaban temas de fen\u00f3menos paranormales como fantasmas, de pol\u00edtica y enfermedades como el VIH entre otros. [&hellip;]<\/p>\n","protected":false},"author":1,"featured_media":100284,"comment_status":"open","ping_status":"open","sticky":true,"template":"","format":"standard","meta":{"footnotes":""},"categories":[9,3],"tags":[],"_links":{"self":[{"href":"https:\/\/diariodigitalmx.com\/index.php\/wp-json\/wp\/v2\/posts\/100282"}],"collection":[{"href":"https:\/\/diariodigitalmx.com\/index.php\/wp-json\/wp\/v2\/posts"}],"about":[{"href":"https:\/\/diariodigitalmx.com\/index.php\/wp-json\/wp\/v2\/types\/post"}],"author":[{"embeddable":true,"href":"https:\/\/diariodigitalmx.com\/index.php\/wp-json\/wp\/v2\/users\/1"}],"replies":[{"embeddable":true,"href":"https:\/\/diariodigitalmx.com\/index.php\/wp-json\/wp\/v2\/comments?post=100282"}],"version-history":[{"count":1,"href":"https:\/\/diariodigitalmx.com\/index.php\/wp-json\/wp\/v2\/posts\/100282\/revisions"}],"predecessor-version":[{"id":100283,"href":"https:\/\/diariodigitalmx.com\/index.php\/wp-json\/wp\/v2\/posts\/100282\/revisions\/100283"}],"wp:featuredmedia":[{"embeddable":true,"href":"https:\/\/diariodigitalmx.com\/index.php\/wp-json\/wp\/v2\/media\/100284"}],"wp:attachment":[{"href":"https:\/\/diariodigitalmx.com\/index.php\/wp-json\/wp\/v2\/media?parent=100282"}],"wp:term":[{"taxonomy":"category","embeddable":true,"href":"https:\/\/diariodigitalmx.com\/index.php\/wp-json\/wp\/v2\/categories?post=100282"},{"taxonomy":"post_tag","embeddable":true,"href":"https:\/\/diariodigitalmx.com\/index.php\/wp-json\/wp\/v2\/tags?post=100282"}],"curies":[{"name":"wp","href":"https:\/\/api.w.org\/{rel}","templated":true}]}}