{"id":100285,"date":"2023-06-21T14:35:24","date_gmt":"2023-06-21T19:35:24","guid":{"rendered":"http:\/\/diariodigitalmx.com\/?p=100285"},"modified":"2023-06-21T14:36:01","modified_gmt":"2023-06-21T19:36:01","slug":"infierno-mortal-investigan-9-muertes-podrian-ser-golpe-de-calor","status":"publish","type":"post","link":"https:\/\/diariodigitalmx.com\/index.php\/2023\/06\/21\/infierno-mortal-investigan-9-muertes-podrian-ser-golpe-de-calor\/","title":{"rendered":"Infierno mortal: investigan 9 muertes; podr\u00edan ser golpe de calor"},"content":{"rendered":"\n<p>Monterrey. -Las autoridades de Salud revisan si nueve muertes en losbultinos d\u00edas podr\u00edan estar relacionadas con la ola de calor.<br>&#8220;Son defunciones que todav\u00eda est\u00e1n en proceso de investigaci\u00f3n, pueden ser producidas tanto por un infarto como por un golpe de calor&#8221;, inform\u00f3 la secretaria de Salud estatal, Alma Rosa Marroqu\u00edn.<br>De acuerdo a la funcionaria en esas nueve muertes no est\u00e1 confirmado por la onda c\u00e1lida. &#8220;Presuntamente tenemos nueve personas que han fallecido por esa situaci\u00f3n, pero a\u00fan no tenemos una cifra oficial&#8221;, a\u00f1adio.<br>El lunes murieron tres personas y el martes siete, y aunque se especula que es por golpe de calor, Marroqu\u00edn dice que no hay una resultado atribuirle a ello.<br>Las personas han muerto en sectores populares de la zona metropolitana y en la mayor\u00eda son entre 60 y 70 a\u00f1os de edad.<br>Las personas han llegado a su casa o bien en la v\u00eda p\u00fablica donde se desvanecen.<br>Seg\u00fan los datos de la titular de Salud, tiene confirmados 185 casos de afectaciones por las altas temperaturas: 111 de ellos fueron golpes de calor, 71 pacientes con deshidrataci\u00f3n, dos quemaduras solares y uno de insolaci\u00f3n, todos atendidos en el sistema de salud.<br>Adem\u00e1s, las altas temperaturas aumentaron las enfermedades diarr\u00e9icas en relaci\u00f3n a los dos a\u00f1os anteriores, al alcanzar 33 mil 194 casos hasta esta semana.<br>El a\u00f1o 2022 en estas hab\u00eda 22 mil 881; y en 2021, 20 mil 142.<br>La Secretar\u00eda de Salud, realiz\u00f3 una evaluaci\u00f3n de las condiciones hospitalarias para que est\u00e9n en condiciones de recibir pacientes afectados por la ola de calor.<br>Tambi\u00e9n se han instalado m\u00e1s de 200 puntos de hidrataci\u00f3n en espacios p\u00fablicos.<\/p>\n","protected":false},"excerpt":{"rendered":"<p>Monterrey. -Las autoridades de Salud revisan si nueve muertes en losbultinos d\u00edas podr\u00edan estar relacionadas con la ola de calor.&#8220;Son defunciones que todav\u00eda est\u00e1n en proceso de investigaci\u00f3n, pueden ser producidas tanto por un infarto como por un golpe de calor&#8221;, inform\u00f3 la secretaria de Salud estatal, Alma Rosa Marroqu\u00edn.De acuerdo a la funcionaria en [&hellip;]<\/p>\n","protected":false},"author":1,"featured_media":100287,"comment_status":"open","ping_status":"open","sticky":true,"template":"","format":"standard","meta":{"footnotes":""},"categories":[6,3],"tags":[],"_links":{"self":[{"href":"https:\/\/diariodigitalmx.com\/index.php\/wp-json\/wp\/v2\/posts\/100285"}],"collection":[{"href":"https:\/\/diariodigitalmx.com\/index.php\/wp-json\/wp\/v2\/posts"}],"about":[{"href":"https:\/\/diariodigitalmx.com\/index.php\/wp-json\/wp\/v2\/types\/post"}],"author":[{"embeddable":true,"href":"https:\/\/diariodigitalmx.com\/index.php\/wp-json\/wp\/v2\/users\/1"}],"replies":[{"embeddable":true,"href":"https:\/\/diariodigitalmx.com\/index.php\/wp-json\/wp\/v2\/comments?post=100285"}],"version-history":[{"count":1,"href":"https:\/\/diariodigitalmx.com\/index.php\/wp-json\/wp\/v2\/posts\/100285\/revisions"}],"predecessor-version":[{"id":100286,"href":"https:\/\/diariodigitalmx.com\/index.php\/wp-json\/wp\/v2\/posts\/100285\/revisions\/100286"}],"wp:featuredmedia":[{"embeddable":true,"href":"https:\/\/diariodigitalmx.com\/index.php\/wp-json\/wp\/v2\/media\/100287"}],"wp:attachment":[{"href":"https:\/\/diariodigitalmx.com\/index.php\/wp-json\/wp\/v2\/media?parent=100285"}],"wp:term":[{"taxonomy":"category","embeddable":true,"href":"https:\/\/diariodigitalmx.com\/index.php\/wp-json\/wp\/v2\/categories?post=100285"},{"taxonomy":"post_tag","embeddable":true,"href":"https:\/\/diariodigitalmx.com\/index.php\/wp-json\/wp\/v2\/tags?post=100285"}],"curies":[{"name":"wp","href":"https:\/\/api.w.org\/{rel}","templated":true}]}}