{"id":100325,"date":"2023-06-21T20:00:31","date_gmt":"2023-06-22T01:00:31","guid":{"rendered":"http:\/\/diariodigitalmx.com\/?p=100325"},"modified":"2023-06-21T20:01:36","modified_gmt":"2023-06-22T01:01:36","slug":"samuel-pide-prian-despotrica","status":"publish","type":"post","link":"https:\/\/diariodigitalmx.com\/index.php\/2023\/06\/21\/samuel-pide-prian-despotrica\/","title":{"rendered":"Samuel pide; PRIAN despotrica"},"content":{"rendered":"\n<p>Por Salvador Hern\u00e1ndez <strong><em>LANDEROS<\/em><\/strong><\/p>\n\n\n\n<p>Por lo que est\u00e1 impreso, se evidencia que en El Norte <strong><em>no hay<\/em><\/strong> \u201c<strong><em>piso parejo<\/em><\/strong>\u201d o democr\u00e1tica libertad de expresi\u00f3n. M\u00e1s simple. <strong><em>No se mide con la misma vara<\/em><\/strong>.<\/p>\n\n\n\n<p>No se concibe que, en el peri\u00f3dico m\u00e1s profesional de Nuevo Le\u00f3n, en un lapso de 14 d\u00edas de diferencia, <strong><em>dos protestas similares se vean con diferente \u00f3ptica<\/em><\/strong>.<\/p>\n\n\n\n<p>No vamos a entrar en detalles de comercializaci\u00f3n publicitaria, ni siquiera en simpat\u00edas partidistas. <strong><em>Solo en lo que corresponde a lo informativo y edici\u00f3n<\/em><\/strong>.<\/p>\n\n\n\n<p><strong><em>El 8 de junio, se public\u00f3<\/em><\/strong> que \u201cel gobernador Samuel Garc\u00eda, \u201cpidi\u00f3 el apoyo en el Senado de la Rep\u00fablica para llevar a juicio pol\u00edtico y destituir al fiscal General de NL. Pedro Arce\u201d. (sic)<\/p>\n\n\n\n<p>Garc\u00eda fue acompa\u00f1ado de Dante Delgado, coordinador nacional de MC y Clemente Casta\u00f1eda, coordinador de los senadores emecistas y otras personas.<\/p>\n\n\n\n<p>Ah\u00ed Samuel emple\u00f3 frases <strong><em>como \u201cEste sujeto\u201d, \u201cNo voy a negociar\u201d, \u201cPeores enemigos\u201d, \u201cColmaron la paciencia\u201d, \u201cPor Zonceras\u201d y \u201cFastidiados<\/em><\/strong>\u201d.<\/p>\n\n\n\n<p>La redacci\u00f3n estuvo apegada a los principios \u00e9ticos period\u00edsticos, objetiva. Y el encabezado fue: \u201c<strong><em>Pide Samuel Garc\u00eda juicio pol\u00edtico a Fiscal de NL\u201d.<\/em><\/strong><\/p>\n\n\n\n<p><strong><em>Ahora 21 de junio, se publica<\/em><\/strong> que, \u201cDesde el Senado,10 alcaldes del PRI y del PAN denunciaron al gobernador Samuel Garc\u00eda a quien llamaron dictador\u201d (sic)<\/p>\n\n\n\n<p>El alcalde de Apodaca, C\u00e9sar Garza, denunci\u00f3 que \u201ccon pena y verg\u00fcenza, nos apena decirlo, tenemos un gobernador dictador. <strong><em>Hoy NL est\u00e1 gobernado por una \u201cpandilla de jovenzuelos\u201d cuyas manitas y manotas<\/em><\/strong> se meten por todos lados a causar problemas y conflictos\u201d (sic).<\/p>\n\n\n\n<p>La redacci\u00f3n de lo que denunci\u00f3 el alcalde de Apodaca, tambi\u00e9n \u00e9tica y objetiva. El encabezado fue: \u201c<strong><em>Despotrica PRIAN contra Samuel en el Senado<\/em><\/strong>\u201d. (sic)<\/p>\n\n\n\n<p>El origen de la queja es el mismo, El lugar para la queja es el mismo. Se trata acaso de niveles. <strong><em>Dista y evidencia mucho el pedir y despotricar<\/em><\/strong>. Es pregunta.<\/p>\n\n\n\n<p><a href=\"mailto:chavalolanderos@yahoo.com.mx\">chavalolanderos@yahoo.com.mx<\/a><\/p>\n","protected":false},"excerpt":{"rendered":"<p>Por Salvador Hern\u00e1ndez LANDEROS Por lo que est\u00e1 impreso, se evidencia que en El Norte no hay \u201cpiso parejo\u201d o democr\u00e1tica libertad de expresi\u00f3n. M\u00e1s simple. No se mide con la misma vara. No se concibe que, en el peri\u00f3dico m\u00e1s profesional de Nuevo Le\u00f3n, en un lapso de 14 d\u00edas de diferencia, dos protestas [&hellip;]<\/p>\n","protected":false},"author":1,"featured_media":100327,"comment_status":"open","ping_status":"open","sticky":true,"template":"","format":"standard","meta":{"footnotes":""},"categories":[12,5],"tags":[],"_links":{"self":[{"href":"https:\/\/diariodigitalmx.com\/index.php\/wp-json\/wp\/v2\/posts\/100325"}],"collection":[{"href":"https:\/\/diariodigitalmx.com\/index.php\/wp-json\/wp\/v2\/posts"}],"about":[{"href":"https:\/\/diariodigitalmx.com\/index.php\/wp-json\/wp\/v2\/types\/post"}],"author":[{"embeddable":true,"href":"https:\/\/diariodigitalmx.com\/index.php\/wp-json\/wp\/v2\/users\/1"}],"replies":[{"embeddable":true,"href":"https:\/\/diariodigitalmx.com\/index.php\/wp-json\/wp\/v2\/comments?post=100325"}],"version-history":[{"count":1,"href":"https:\/\/diariodigitalmx.com\/index.php\/wp-json\/wp\/v2\/posts\/100325\/revisions"}],"predecessor-version":[{"id":100326,"href":"https:\/\/diariodigitalmx.com\/index.php\/wp-json\/wp\/v2\/posts\/100325\/revisions\/100326"}],"wp:featuredmedia":[{"embeddable":true,"href":"https:\/\/diariodigitalmx.com\/index.php\/wp-json\/wp\/v2\/media\/100327"}],"wp:attachment":[{"href":"https:\/\/diariodigitalmx.com\/index.php\/wp-json\/wp\/v2\/media?parent=100325"}],"wp:term":[{"taxonomy":"category","embeddable":true,"href":"https:\/\/diariodigitalmx.com\/index.php\/wp-json\/wp\/v2\/categories?post=100325"},{"taxonomy":"post_tag","embeddable":true,"href":"https:\/\/diariodigitalmx.com\/index.php\/wp-json\/wp\/v2\/tags?post=100325"}],"curies":[{"name":"wp","href":"https:\/\/api.w.org\/{rel}","templated":true}]}}