{"id":100332,"date":"2023-06-21T22:21:39","date_gmt":"2023-06-22T03:21:39","guid":{"rendered":"http:\/\/diariodigitalmx.com\/?p=100332"},"modified":"2023-06-21T22:24:29","modified_gmt":"2023-06-22T03:24:29","slug":"100332","status":"publish","type":"post","link":"https:\/\/diariodigitalmx.com\/index.php\/2023\/06\/21\/100332\/","title":{"rendered":"Suma Ebrard m\u00e1s apoyos en NL"},"content":{"rendered":"\n<p>En Nuevo Le\u00f3n, donde Morena batallaba para ganar votos, Marcelo Ebrard, aspirante a la Coordinaci\u00f3n Nacional (posterior candidato presidencial), ya cosecha simpat\u00edas de ciudadanos nuevoleoneses, determinados a llevarlo a la victoria en la Encuesta para prolongar la Cuarta Transformaci\u00f3n.<\/p>\n\n\n\n<p>Dirigentes sociales externaron valoraciones del perfil del ex canciller como que est\u00e1 convertido en un \u201cfen\u00f3meno pol\u00edtico\u201d porque cuenta con amplio conocimiento popular, as\u00ed como el funcionario clave en la gesti\u00f3n de las vacunas durante la pandemia y su capacidad de negociaci\u00f3n ante los Estados Unidos, en lo cual, el presidente L\u00f3pez Obrador \u201csali\u00f3 bien librado\u201d, gracias a su reconocido oficio en el servicio exterior.<\/p>\n\n\n\n<figure class=\"wp-block-image size-large\"><img loading=\"lazy\" decoding=\"async\" width=\"1024\" height=\"700\" src=\"http:\/\/diariodigitalmx.com\/wp-content\/uploads\/2023\/06\/355806409_1916129525454075_8911132147825783655_n-1024x700.jpg\" alt=\"\" class=\"wp-image-100336\" srcset=\"https:\/\/diariodigitalmx.com\/wp-content\/uploads\/2023\/06\/355806409_1916129525454075_8911132147825783655_n-1024x700.jpg 1024w, https:\/\/diariodigitalmx.com\/wp-content\/uploads\/2023\/06\/355806409_1916129525454075_8911132147825783655_n-300x205.jpg 300w, https:\/\/diariodigitalmx.com\/wp-content\/uploads\/2023\/06\/355806409_1916129525454075_8911132147825783655_n-768x525.jpg 768w, https:\/\/diariodigitalmx.com\/wp-content\/uploads\/2023\/06\/355806409_1916129525454075_8911132147825783655_n-1536x1050.jpg 1536w, https:\/\/diariodigitalmx.com\/wp-content\/uploads\/2023\/06\/355806409_1916129525454075_8911132147825783655_n.jpg 1708w\" sizes=\"(max-width: 1024px) 100vw, 1024px\" \/><\/figure>\n\n\n\n<p>En esos t\u00e9rminos se pronunciaron l\u00edderes de las expresiones Di\u00e1logos Progresistas, con los maestros Sanjuanita Cerda y Juan Pablo Reyes; Ju\u00e1rez Siglo XXI, Daniel Esqueda y el experimentad\u00edsimo profesor Gregorio Ram\u00edrez, de Magisterio Libre de Nuevo Le\u00f3n.<\/p>\n\n\n\n<p>En la misma reuni\u00f3n, el dirigente en la CROC del Transporte, Osvaldo Serna consider\u00f3 que Marcelo Ebrard es una \u201cpropuesta atractiva y de gran magnetismo personal\u201d, abierto al di\u00e1logo, lo cual ya demostr\u00f3 en reciente encuentro con agrupaciones croquistas.<\/p>\n\n\n\n<p>Daniel Esqueda, de la expresi\u00f3n Ju\u00e1rez Siglo XXI inform\u00f3 de la forma en que se realiza el proceso interno rumbo a la realizaci\u00f3n de la Encuesta que es meramente informativa sobre la trayectoria de Marcelo Ebrard en el servicio p\u00fablico, y se\u00f1al\u00f3 que, muy pronto, el excanciller volver\u00e1 a Nuevo Le\u00f3n.<\/p>\n\n\n\n<figure class=\"wp-block-image size-large\"><img loading=\"lazy\" decoding=\"async\" width=\"1024\" height=\"635\" src=\"http:\/\/diariodigitalmx.com\/wp-content\/uploads\/2023\/06\/351771408_251274394177782_2506103163938479671_n-1024x635.jpg\" alt=\"\" class=\"wp-image-100339\" srcset=\"https:\/\/diariodigitalmx.com\/wp-content\/uploads\/2023\/06\/351771408_251274394177782_2506103163938479671_n-1024x635.jpg 1024w, https:\/\/diariodigitalmx.com\/wp-content\/uploads\/2023\/06\/351771408_251274394177782_2506103163938479671_n-300x186.jpg 300w, https:\/\/diariodigitalmx.com\/wp-content\/uploads\/2023\/06\/351771408_251274394177782_2506103163938479671_n-768x476.jpg 768w, https:\/\/diariodigitalmx.com\/wp-content\/uploads\/2023\/06\/351771408_251274394177782_2506103163938479671_n-1536x952.jpg 1536w, https:\/\/diariodigitalmx.com\/wp-content\/uploads\/2023\/06\/351771408_251274394177782_2506103163938479671_n.jpg 2048w\" sizes=\"(max-width: 1024px) 100vw, 1024px\" \/><\/figure>\n\n\n\n<p>Nuestro prop\u00f3sito es sumar a m\u00e1s gente mediante asambleas informativas para dar a conocer\u201d qui\u00e9n es Marcelo y qu\u00e9 es lo que pretende\u201d en su inter\u00e9s de convertirse en el Coordinador Nacional de los comit\u00e9s de Defensa de la Cuarta Transformaci\u00f3n, afirm\u00f3 la reconocida maestra, Sanjuanita Cerda.<\/p>\n\n\n\n<p>En su turno, el tambi\u00e9n profesor, Juan Pablo Reyes consider\u00f3 que Ebrard ha irrumpido como un \u201cfen\u00f3meno pol\u00edtico\u201d por su capacidad para aglutinar simpat\u00edas incluso de militantes de los partidos PRI, PAN y PRD, adem\u00e1s de la nutrida simpat\u00eda con que cuenta en Morena y las siglas aliadas.<\/p>\n\n\n\n<p>\u201cResulta incre\u00edble, pero eso est\u00e1 sucediendo, y nosotros lo estamos palpando, en el trabajo que realizamos las distintas expresiones de apoyo a Marcelo\u201d, desglos\u00f3 Juan Pablo Reyes.<\/p>\n\n\n\n<p>\u201c\u00a1Hagamos sinergia! Yo ya ped\u00ed permiso y ustedes saben d\u00f3nde pide uno permiso\u201d, expres\u00f3 con gran sentido del humor el profesor Gregorio Ram\u00edrez, arrancando las risas de los concurrentes.<\/p>\n\n\n\n<p>Ando aqu\u00ed, agreg\u00f3 el mentor de largu\u00edsima trayectoria magisterial, porque quiero un M\u00e9xico mejor para la ni\u00f1ez y la juventud y que el pa\u00eds transite en armon\u00eda para resolver los problemas que afrontamos.<\/p>\n","protected":false},"excerpt":{"rendered":"<p>En Nuevo Le\u00f3n, donde Morena batallaba para ganar votos, Marcelo Ebrard, aspirante a la Coordinaci\u00f3n Nacional (posterior candidato presidencial), ya cosecha simpat\u00edas de ciudadanos nuevoleoneses, determinados a llevarlo a la victoria en la Encuesta para prolongar la Cuarta Transformaci\u00f3n. Dirigentes sociales externaron valoraciones del perfil del ex canciller como que est\u00e1 convertido en un \u201cfen\u00f3meno [&hellip;]<\/p>\n","protected":false},"author":1,"featured_media":100335,"comment_status":"open","ping_status":"open","sticky":true,"template":"","format":"standard","meta":{"footnotes":""},"categories":[6,5],"tags":[],"_links":{"self":[{"href":"https:\/\/diariodigitalmx.com\/index.php\/wp-json\/wp\/v2\/posts\/100332"}],"collection":[{"href":"https:\/\/diariodigitalmx.com\/index.php\/wp-json\/wp\/v2\/posts"}],"about":[{"href":"https:\/\/diariodigitalmx.com\/index.php\/wp-json\/wp\/v2\/types\/post"}],"author":[{"embeddable":true,"href":"https:\/\/diariodigitalmx.com\/index.php\/wp-json\/wp\/v2\/users\/1"}],"replies":[{"embeddable":true,"href":"https:\/\/diariodigitalmx.com\/index.php\/wp-json\/wp\/v2\/comments?post=100332"}],"version-history":[{"count":4,"href":"https:\/\/diariodigitalmx.com\/index.php\/wp-json\/wp\/v2\/posts\/100332\/revisions"}],"predecessor-version":[{"id":100340,"href":"https:\/\/diariodigitalmx.com\/index.php\/wp-json\/wp\/v2\/posts\/100332\/revisions\/100340"}],"wp:featuredmedia":[{"embeddable":true,"href":"https:\/\/diariodigitalmx.com\/index.php\/wp-json\/wp\/v2\/media\/100335"}],"wp:attachment":[{"href":"https:\/\/diariodigitalmx.com\/index.php\/wp-json\/wp\/v2\/media?parent=100332"}],"wp:term":[{"taxonomy":"category","embeddable":true,"href":"https:\/\/diariodigitalmx.com\/index.php\/wp-json\/wp\/v2\/categories?post=100332"},{"taxonomy":"post_tag","embeddable":true,"href":"https:\/\/diariodigitalmx.com\/index.php\/wp-json\/wp\/v2\/tags?post=100332"}],"curies":[{"name":"wp","href":"https:\/\/api.w.org\/{rel}","templated":true}]}}