{"id":100370,"date":"2023-06-22T18:48:29","date_gmt":"2023-06-22T23:48:29","guid":{"rendered":"http:\/\/diariodigitalmx.com\/?p=100370"},"modified":"2023-06-22T18:55:43","modified_gmt":"2023-06-22T23:55:43","slug":"replicaran-municipios-en-mexico-proteccion-animal-de-escobedo","status":"publish","type":"post","link":"https:\/\/diariodigitalmx.com\/index.php\/2023\/06\/22\/replicaran-municipios-en-mexico-proteccion-animal-de-escobedo\/","title":{"rendered":"Replicar\u00e1n municipios en M\u00e9xico, protecci\u00f3n animal de Escobedo"},"content":{"rendered":"\n<p>La lucha contra el maltrato animal que ha impulsado el municipio de Escobedo es ejemplo a nivel nacional, gracias a los \u00f3ptimos resultados que se han obtenido para la protecci\u00f3n de las mascotas.<\/p>\n\n\n\n<p>Al participar en el Foro: La Prevenci\u00f3n de la Violencia hac\u00eda los Animales como Estrategia de Seguridad Ciudadana organizado por el Secretariado Ejecutivo del Sistema Nacional de Seguridad P\u00fablica, el Alcalde Andr\u00e9s Mijes puntualiz\u00f3 los avances que se han tenido en la materia para combatir eficazmente el maltrato animal.<\/p>\n\n\n\n\n\n<figure class=\"wp-block-image size-large\"><img loading=\"lazy\" decoding=\"async\" width=\"682\" height=\"1024\" src=\"http:\/\/diariodigitalmx.com\/wp-content\/uploads\/2023\/06\/IMG-20230622-WA0065-682x1024.jpg\" alt=\"\" class=\"wp-image-100374\" srcset=\"https:\/\/diariodigitalmx.com\/wp-content\/uploads\/2023\/06\/IMG-20230622-WA0065-682x1024.jpg 682w, https:\/\/diariodigitalmx.com\/wp-content\/uploads\/2023\/06\/IMG-20230622-WA0065-200x300.jpg 200w, https:\/\/diariodigitalmx.com\/wp-content\/uploads\/2023\/06\/IMG-20230622-WA0065-768x1152.jpg 768w, https:\/\/diariodigitalmx.com\/wp-content\/uploads\/2023\/06\/IMG-20230622-WA0065.jpg 853w\" sizes=\"(max-width: 682px) 100vw, 682px\" \/><\/figure>\n\n\n\n\n\n<p>\u201cLo que pretendemos con esto es que la gente ya tenga una sanci\u00f3n ejemplar para evitar el maltrato animal, nosotros hace poco detuvimos a unos alba\u00f1iles que estaban golpeando a un perro con una pala y los llevamos al juez y hemos procurado dar sanciones ejemplares para evitar m\u00e1s violencia\u201d, se\u00f1al\u00f3 el Alcalde ante m\u00e1s de 200 representantes de diversos municipios de M\u00e9xico.<br>El municipio de Escobedo destaca por contar con un sistema efectivo de justicia c\u00edvica pro animal que se apoya en sanciones ejemplares.<\/p>\n\n\n\n<figure class=\"wp-block-image size-large\"><img loading=\"lazy\" decoding=\"async\" width=\"768\" height=\"1024\" src=\"http:\/\/diariodigitalmx.com\/wp-content\/uploads\/2023\/06\/IMG-20230622-WA0064-768x1024.jpg\" alt=\"\" class=\"wp-image-100376\" srcset=\"https:\/\/diariodigitalmx.com\/wp-content\/uploads\/2023\/06\/IMG-20230622-WA0064-768x1024.jpg 768w, https:\/\/diariodigitalmx.com\/wp-content\/uploads\/2023\/06\/IMG-20230622-WA0064-225x300.jpg 225w, https:\/\/diariodigitalmx.com\/wp-content\/uploads\/2023\/06\/IMG-20230622-WA0064.jpg 960w\" sizes=\"(max-width: 768px) 100vw, 768px\" \/><\/figure>\n\n\n\n<p>\u201cEn Escobedo hemos sido pioneros en materia de Justicia C\u00edvica, tenemos tres juzgados c\u00edvicos desde 2017, se hace un tamizaje a los infractores que puede escalar en los niveles de violencia y ah\u00ed los orientamos a un programa dependiendo de su situaci\u00f3n\u201d, coment\u00f3.<br>El bienestar de los animales que viven en la calle es una prioridad para Escobedo, con ello se erradic\u00f3 el sacrificio como la soluci\u00f3n la sobrepoblaci\u00f3n y se est\u00e1 promoviendo la adopci\u00f3n como una pol\u00edtica p\u00fablica.<\/p>\n\n\n\n<figure class=\"wp-block-image size-large\"><img loading=\"lazy\" decoding=\"async\" width=\"768\" height=\"1024\" src=\"http:\/\/diariodigitalmx.com\/wp-content\/uploads\/2023\/06\/IMG-20230622-WA0063-768x1024.jpg\" alt=\"\" class=\"wp-image-100378\" srcset=\"https:\/\/diariodigitalmx.com\/wp-content\/uploads\/2023\/06\/IMG-20230622-WA0063-768x1024.jpg 768w, https:\/\/diariodigitalmx.com\/wp-content\/uploads\/2023\/06\/IMG-20230622-WA0063-225x300.jpg 225w, https:\/\/diariodigitalmx.com\/wp-content\/uploads\/2023\/06\/IMG-20230622-WA0063.jpg 960w\" sizes=\"(max-width: 768px) 100vw, 768px\" \/><\/figure>\n\n\n\n<p>\u201cNosotros en Escobedo no sacrificamos animales, en el municipio de Escobedo no hay perrera que sacrifique animales, nosotros practicamos la esterilizaci\u00f3n para evitar la situaci\u00f3n de calle de los animales, promovemos la adopci\u00f3n como pol\u00edtica p\u00fablica que ayude a evitar la venta clandestina\u201d, mencion\u00f3.<br>Mijes, dej\u00f3 en la mesa la propuesta de la creaci\u00f3n de m\u00e1s reglamentos enfocados en el bienestar de las mascotas.<\/p>\n\n\n\n<p>Dentro de su participaci\u00f3n en este foro, Melissa Ramos, directora de Protecci\u00f3n y Bienestar Animal destac\u00f3 la prioridad atender el problema de ra\u00edz para evitar que los niveles de violencia sigan escalando.<\/p>\n\n\n\n<p>Por lo anterior, el municipio de Escobedo pone a la disposici\u00f3n de los dem\u00e1s Ayuntamientos las pol\u00edticas p\u00fablicas locales para as\u00ed abrir un abanico de posibilidades y se prevenga el maltrato animal y con ello los \u00edndices de violencia en general.<\/p>\n\n\n\n<p>Este evento cont\u00f3 con la presencia de Rosa Icela Rodr\u00edguez, Secretaria de Seguridad y Protecci\u00f3n Ciudadana; Luis Rodr\u00edguez Bucio, Subsecretario de la Secretar\u00eda de Seguridad y Protecci\u00f3n Ciudadana, as\u00ed como Clara Luz Flores Carrales, Secretaria Ejecutiva del Sistema Nacional de Seguridad P\u00fablica.<\/p>\n\n\n\n<p>Adem\u00e1s de Juanita Guerra Mena, Presidenta de la Comisi\u00f3n de Seguridad P\u00fablica de la C\u00e1mara de Diputados, Ernestina Godoy Ramos, Fiscal General de Justicia de la Ciudad de M\u00e9xico y Santiago Nieto, encargado de Despacho de la Procuradur\u00eda General de Justicia de Hidalgo.<\/p>\n","protected":false},"excerpt":{"rendered":"<p>La lucha contra el maltrato animal que ha impulsado el municipio de Escobedo es ejemplo a nivel nacional, gracias a los \u00f3ptimos resultados que se han obtenido para la protecci\u00f3n de las mascotas. Al participar en el Foro: La Prevenci\u00f3n de la Violencia hac\u00eda los Animales como Estrategia de Seguridad Ciudadana organizado por el Secretariado [&hellip;]<\/p>\n","protected":false},"author":1,"featured_media":100372,"comment_status":"open","ping_status":"open","sticky":true,"template":"","format":"standard","meta":{"footnotes":""},"categories":[6,3],"tags":[],"_links":{"self":[{"href":"https:\/\/diariodigitalmx.com\/index.php\/wp-json\/wp\/v2\/posts\/100370"}],"collection":[{"href":"https:\/\/diariodigitalmx.com\/index.php\/wp-json\/wp\/v2\/posts"}],"about":[{"href":"https:\/\/diariodigitalmx.com\/index.php\/wp-json\/wp\/v2\/types\/post"}],"author":[{"embeddable":true,"href":"https:\/\/diariodigitalmx.com\/index.php\/wp-json\/wp\/v2\/users\/1"}],"replies":[{"embeddable":true,"href":"https:\/\/diariodigitalmx.com\/index.php\/wp-json\/wp\/v2\/comments?post=100370"}],"version-history":[{"count":4,"href":"https:\/\/diariodigitalmx.com\/index.php\/wp-json\/wp\/v2\/posts\/100370\/revisions"}],"predecessor-version":[{"id":100380,"href":"https:\/\/diariodigitalmx.com\/index.php\/wp-json\/wp\/v2\/posts\/100370\/revisions\/100380"}],"wp:featuredmedia":[{"embeddable":true,"href":"https:\/\/diariodigitalmx.com\/index.php\/wp-json\/wp\/v2\/media\/100372"}],"wp:attachment":[{"href":"https:\/\/diariodigitalmx.com\/index.php\/wp-json\/wp\/v2\/media?parent=100370"}],"wp:term":[{"taxonomy":"category","embeddable":true,"href":"https:\/\/diariodigitalmx.com\/index.php\/wp-json\/wp\/v2\/categories?post=100370"},{"taxonomy":"post_tag","embeddable":true,"href":"https:\/\/diariodigitalmx.com\/index.php\/wp-json\/wp\/v2\/tags?post=100370"}],"curies":[{"name":"wp","href":"https:\/\/api.w.org\/{rel}","templated":true}]}}