{"id":100381,"date":"2023-06-22T19:22:27","date_gmt":"2023-06-23T00:22:27","guid":{"rendered":"http:\/\/diariodigitalmx.com\/?p=100381"},"modified":"2023-06-22T19:27:55","modified_gmt":"2023-06-23T00:27:55","slug":"el-infierno-de-45-grados-y-apagones-provocan-bloqueos-y-protestas-paciencia-pide-samuel-garcia-gobernador","status":"publish","type":"post","link":"https:\/\/diariodigitalmx.com\/index.php\/2023\/06\/22\/el-infierno-de-45-grados-y-apagones-provocan-bloqueos-y-protestas-paciencia-pide-samuel-garcia-gobernador\/","title":{"rendered":"El infierno de 45 grados y apagones provocan bloqueos y protestas; paciencia, pide Samuel Garc\u00eda, gobernador"},"content":{"rendered":"\n<figure class=\"wp-block-video\"><video controls src=\"http:\/\/diariodigitalmx.com\/wp-content\/uploads\/2023\/06\/VID-20230621-WA01241.mp4\"><\/video><\/figure>\n\n\n\n<p>Monterrey . &#8211; Los apagones de electricidad en diversos sectores de la zona metropolitana se incrementan, mientras que los usuarios de la Comisi\u00f3n Federal de Electricidad han salido a protesta con bloqueos a avenidas principales.<br>Sin embargo, el gobernador Samuel Garc\u00eda asegura que solamente hay 230 quejas por falta de luz<br>Al norte, en la Colonia Mitras, en el sector San Bernab\u00e9, al poniente, en el municipio de Garc\u00eda, el casco principal de San Pedro Garza Garc\u00eda, y al sur en algunas colonias populares, as\u00ed como una \u00e1rea estudiantil en la colonia Tecnol\u00f3gico.<br>En el municipio de Escobedo, al norte metropolitano tambi\u00e9n se han presentado los apagones.<br>Mientas tanto, persisten los bloqueos de los usuarios que reclaman sin escuchar respuesta de la CFE.<br>Muy temprano, un grupo de due\u00f1os de negocios del \u00e1rea de la colonia Tecnol\u00f3gico bloquearon la avenida Avenida Garza Sada, a la altura del Tec de Monterrey, pues dijeron tener siete dias sin energ\u00eda.<\/p>\n\n\n\n<figure class=\"wp-block-image size-full\"><img loading=\"lazy\" decoding=\"async\" width=\"600\" height=\"504\" src=\"http:\/\/diariodigitalmx.com\/wp-content\/uploads\/2023\/06\/IMG-20230622-WA0027.jpg\" alt=\"\" class=\"wp-image-100390\" srcset=\"https:\/\/diariodigitalmx.com\/wp-content\/uploads\/2023\/06\/IMG-20230622-WA0027.jpg 600w, https:\/\/diariodigitalmx.com\/wp-content\/uploads\/2023\/06\/IMG-20230622-WA0027-300x252.jpg 300w\" sizes=\"(max-width: 600px) 100vw, 600px\" \/><\/figure>\n\n\n\n<p>Habitantes de la Colonia 18 de Marzo, en el sector Sierra Ventana, cerraron por dos horas Garza Sada en el sentido de norte a sur, lo que provoc\u00f3 largas filas de veh\u00edculos varados, y en Garc\u00eda, m\u00e1s de 100 personas bloquearon ambos sentidos de las Avenida Lincoln y Santa Mar\u00eda.<br>En algunas cl\u00ednicas del IMSS como la 6, la 4 y el Hospital Metropolitano, \u00e9ste del Estado, los apagones son por horas, &#8221; se va y vuelve&#8221;, dijo un empleado de un hospital, mientras el calor es insoportable, y algunos trabajadores o m\u00e9dicos han llevado ventiladores personales pies los climas son insuficientes y fallan seguido<br>Se sabe que, por el exceso de calor y los cortes de electricidad, equipo de monitoreo de signos vitales y di\u00e1lisis, entre otros, ha resultado da\u00f1ado desde la semana pasada en la Cl\u00ednica 4 del IMSS.<br>En los municipios de Montemorelo, General Ter\u00e1n y Allende, una calla en la CFE dej\u00f3 din servicio por horas a miles de personas.<br>PACIENCIA PIDE SAMUEL GARC\u00cdA<br>El Gobernador Samuel Garc\u00eda asegur\u00f3 que la CFE le inform\u00f3 que en un par de d\u00edas se normalizar\u00e1 el servicio de electricidad por lo que solicit\u00f3 paciencia.<br>&#8220;Me pide CFE paciencia y yo se lo pido a la ciudadan\u00eda, s\u00e9 que es muy dif\u00edcil, pero ellos me dicen que ya con este clima que va bajar el alto consumo, ellos estiman entre uno y dos d\u00edas para volver a resolver todas las quejas que han tenido&#8221;, revel\u00f3 Garc\u00eda.<br>&#8220;Estuvimos en un clima ins\u00f3lito, el consumo se dispar\u00f3, afortunadamente hoy ya vamos a regresar al clima tradicional.<\/p>\n\n\n\n<p>Sobre el desabasto de transformadores en la CFE, se\u00f1al\u00f3 que ya mandaron m\u00e1s recursos a la Divisi\u00f3n Golfo Norte . &#8220;Nos mostraron que est\u00e1n mandando m\u00e1s transformadores a la Ciudad, recurso y personal&#8221;.<\/p>\n","protected":false},"excerpt":{"rendered":"<p>Monterrey . &#8211; Los apagones de electricidad en diversos sectores de la zona metropolitana se incrementan, mientras que los usuarios de la Comisi\u00f3n Federal de Electricidad han salido a protesta con bloqueos a avenidas principales.Sin embargo, el gobernador Samuel Garc\u00eda asegura que solamente hay 230 quejas por falta de luzAl norte, en la Colonia Mitras, [&hellip;]<\/p>\n","protected":false},"author":1,"featured_media":100383,"comment_status":"open","ping_status":"open","sticky":true,"template":"","format":"standard","meta":{"footnotes":""},"categories":[6,3],"tags":[],"_links":{"self":[{"href":"https:\/\/diariodigitalmx.com\/index.php\/wp-json\/wp\/v2\/posts\/100381"}],"collection":[{"href":"https:\/\/diariodigitalmx.com\/index.php\/wp-json\/wp\/v2\/posts"}],"about":[{"href":"https:\/\/diariodigitalmx.com\/index.php\/wp-json\/wp\/v2\/types\/post"}],"author":[{"embeddable":true,"href":"https:\/\/diariodigitalmx.com\/index.php\/wp-json\/wp\/v2\/users\/1"}],"replies":[{"embeddable":true,"href":"https:\/\/diariodigitalmx.com\/index.php\/wp-json\/wp\/v2\/comments?post=100381"}],"version-history":[{"count":4,"href":"https:\/\/diariodigitalmx.com\/index.php\/wp-json\/wp\/v2\/posts\/100381\/revisions"}],"predecessor-version":[{"id":100391,"href":"https:\/\/diariodigitalmx.com\/index.php\/wp-json\/wp\/v2\/posts\/100381\/revisions\/100391"}],"wp:featuredmedia":[{"embeddable":true,"href":"https:\/\/diariodigitalmx.com\/index.php\/wp-json\/wp\/v2\/media\/100383"}],"wp:attachment":[{"href":"https:\/\/diariodigitalmx.com\/index.php\/wp-json\/wp\/v2\/media?parent=100381"}],"wp:term":[{"taxonomy":"category","embeddable":true,"href":"https:\/\/diariodigitalmx.com\/index.php\/wp-json\/wp\/v2\/categories?post=100381"},{"taxonomy":"post_tag","embeddable":true,"href":"https:\/\/diariodigitalmx.com\/index.php\/wp-json\/wp\/v2\/tags?post=100381"}],"curies":[{"name":"wp","href":"https:\/\/api.w.org\/{rel}","templated":true}]}}