{"id":100499,"date":"2023-06-23T18:54:17","date_gmt":"2023-06-23T23:54:17","guid":{"rendered":"http:\/\/diariodigitalmx.com\/?p=100499"},"modified":"2023-06-23T18:56:57","modified_gmt":"2023-06-23T23:56:57","slug":"quieres-irte-a-trabajar-a-canada-embajada-canadiense-te-informa-sobre-visas-temporales","status":"publish","type":"post","link":"https:\/\/diariodigitalmx.com\/index.php\/2023\/06\/23\/quieres-irte-a-trabajar-a-canada-embajada-canadiense-te-informa-sobre-visas-temporales\/","title":{"rendered":"Quieres trabajar en Canad\u00e1?; Embajada te informa sobre visas temporales"},"content":{"rendered":"\n<p><br>La embajada canadiense en M\u00e9xico dio a conocer el programa \u201cV\u00edas Abiertas para Trabajar de Manera Temporal en Canad\u00e1\u201d, para que los interesados pueden tramitar una visa con este fin.<br>La embajadora adjunta de Canad\u00e1, Shauna Hemingway y Sandra Shaddick, c\u00f3nsul de ese Pa\u00eds en Monterrey dieron a conocer los detalles de este programa ante legisladores y personal del Congreso del Estado.<br>Hemingway pidi\u00f3 a los interesados en ir a trabajar de manera temporal a Canad\u00e1 que realicen los tr\u00e1mites a trav\u00e9s de la representaci\u00f3n diplom\u00e1tica y eviten a los gestores porque pueden defraudarlos.<br>El presidente de la mesa directiva, Mauro Guerra Villarreal, destac\u00f3 que esta informaci\u00f3n es importante para que las legisladoras y los legisladores, la repliquen en sus distritos por si existe el inter\u00e9s de personas de ir a trabajar de manera temporal y eviten recurrir a tramitadores.<\/p>\n\n\n\n<figure class=\"wp-block-image size-full\"><img loading=\"lazy\" decoding=\"async\" width=\"614\" height=\"417\" src=\"http:\/\/diariodigitalmx.com\/wp-content\/uploads\/2023\/06\/IMG_20230623_175319_533.webp\" alt=\"\" class=\"wp-image-100504\" srcset=\"https:\/\/diariodigitalmx.com\/wp-content\/uploads\/2023\/06\/IMG_20230623_175319_533.webp 614w, https:\/\/diariodigitalmx.com\/wp-content\/uploads\/2023\/06\/IMG_20230623_175319_533-300x204.webp 300w\" sizes=\"(max-width: 614px) 100vw, 614px\" \/><\/figure>\n\n\n\n<p>\u201cQu\u00e9 bueno que el gobierno de Canad\u00e1 tiene contemplado el programa de trabajo temporal para personas que lo requieran, porque pueden ir, cumplir la tarea que se les asigne y regresar a casa, pero ya con un recurso adicional con el que no contaban\u201d.<br>Shauna Hemingway, embajadora adjunta de Canad\u00e1 destac\u00f3 que M\u00e9xico es el primer proveedor de trabajadores temporales para su Pa\u00eds, con una cifra anual de 51 mil personas que se ocupan principalmente en el sector agr\u00edcola.<br>\u201cNo hay cuotas ni l\u00edmites en el n\u00famero de trabajadores extranjeros admitidos en Canad\u00e1, los permisos de trabajo se conceden en funci\u00f3n de la demanda y de las necesidades de mano de obra de los empleadores.<\/p>\n\n\n\n<figure class=\"wp-block-image size-full\"><img loading=\"lazy\" decoding=\"async\" width=\"696\" height=\"473\" src=\"http:\/\/diariodigitalmx.com\/wp-content\/uploads\/2023\/06\/IMG_20230623_175319_493.webp\" alt=\"\" class=\"wp-image-100506\" srcset=\"https:\/\/diariodigitalmx.com\/wp-content\/uploads\/2023\/06\/IMG_20230623_175319_493.webp 696w, https:\/\/diariodigitalmx.com\/wp-content\/uploads\/2023\/06\/IMG_20230623_175319_493-300x204.webp 300w\" sizes=\"(max-width: 696px) 100vw, 696px\" \/><\/figure>\n\n\n\n<p>\u201cLa migraci\u00f3n gestionada tiene muchos beneficios, incluyendo llenar las brechas laborales, mantener el crecimiento de la poblaci\u00f3n, fomentar el respeto por la diversidad y reducir los incentivos para migrar por medios irregulares\u201d<br>La embajadora destac\u00f3 que la inmigraci\u00f3n es esencial para el crecimiento econ\u00f3mico a largo plazo de Canad\u00e1, representa el 100 por ciento del crecimiento de la fuerza laboral y se pronostica que dentro de diez a\u00f1os represente el cien por ciento del crecimiento de la poblaci\u00f3n.<\/p>\n","protected":false},"excerpt":{"rendered":"<p>La embajada canadiense en M\u00e9xico dio a conocer el programa \u201cV\u00edas Abiertas para Trabajar de Manera Temporal en Canad\u00e1\u201d, para que los interesados pueden tramitar una visa con este fin.La embajadora adjunta de Canad\u00e1, Shauna Hemingway y Sandra Shaddick, c\u00f3nsul de ese Pa\u00eds en Monterrey dieron a conocer los detalles de este programa ante legisladores [&hellip;]<\/p>\n","protected":false},"author":1,"featured_media":100501,"comment_status":"open","ping_status":"open","sticky":true,"template":"","format":"standard","meta":{"footnotes":""},"categories":[6,3],"tags":[],"_links":{"self":[{"href":"https:\/\/diariodigitalmx.com\/index.php\/wp-json\/wp\/v2\/posts\/100499"}],"collection":[{"href":"https:\/\/diariodigitalmx.com\/index.php\/wp-json\/wp\/v2\/posts"}],"about":[{"href":"https:\/\/diariodigitalmx.com\/index.php\/wp-json\/wp\/v2\/types\/post"}],"author":[{"embeddable":true,"href":"https:\/\/diariodigitalmx.com\/index.php\/wp-json\/wp\/v2\/users\/1"}],"replies":[{"embeddable":true,"href":"https:\/\/diariodigitalmx.com\/index.php\/wp-json\/wp\/v2\/comments?post=100499"}],"version-history":[{"count":5,"href":"https:\/\/diariodigitalmx.com\/index.php\/wp-json\/wp\/v2\/posts\/100499\/revisions"}],"predecessor-version":[{"id":100508,"href":"https:\/\/diariodigitalmx.com\/index.php\/wp-json\/wp\/v2\/posts\/100499\/revisions\/100508"}],"wp:featuredmedia":[{"embeddable":true,"href":"https:\/\/diariodigitalmx.com\/index.php\/wp-json\/wp\/v2\/media\/100501"}],"wp:attachment":[{"href":"https:\/\/diariodigitalmx.com\/index.php\/wp-json\/wp\/v2\/media?parent=100499"}],"wp:term":[{"taxonomy":"category","embeddable":true,"href":"https:\/\/diariodigitalmx.com\/index.php\/wp-json\/wp\/v2\/categories?post=100499"},{"taxonomy":"post_tag","embeddable":true,"href":"https:\/\/diariodigitalmx.com\/index.php\/wp-json\/wp\/v2\/tags?post=100499"}],"curies":[{"name":"wp","href":"https:\/\/api.w.org\/{rel}","templated":true}]}}