{"id":100509,"date":"2023-06-23T21:04:34","date_gmt":"2023-06-24T02:04:34","guid":{"rendered":"http:\/\/diariodigitalmx.com\/?p=100509"},"modified":"2023-06-23T21:06:23","modified_gmt":"2023-06-24T02:06:23","slug":"simpatizan-mujeres-de-las-asociaciones-vecinales-teresa-servin-lopez-con-claudia-sheinbaum","status":"publish","type":"post","link":"https:\/\/diariodigitalmx.com\/index.php\/2023\/06\/23\/simpatizan-mujeres-de-las-asociaciones-vecinales-teresa-servin-lopez-con-claudia-sheinbaum\/","title":{"rendered":"Simpatizan mujeres de las Asociaciones Vecinales &#8220;Teresa Servin L\u00f3pez&#8221; con Claudia Sheinbaum"},"content":{"rendered":"\n<p><br>Por: Francisco J. Pe\u00f1a Medina<br>Con m\u00e1s de 35 mil integrantes en el Estado, la Federaci\u00f3n de Asociaciones Vecinales &#8220;Teresa Servin L\u00f3pez&#8221; reconoci\u00f3 que las mujeres que forman parte de sus estructuras han expresado su simpat\u00eda por el proyecto pol\u00edtico de Claudia Sheinbaum Pardo, aspirante presidencial de Morena.<br>Osvaldo Serna Servin presidente de esta Asociaci\u00f3n Civil se\u00f1ala que durante las brigadas sociales que realiza cada viernes la agrupaci\u00f3n, en municipios tanto dentro como fuera del \u00e1rea metropolitana, el clamor generalizado es en favor de la ex jefa de Gobierno de la Ciudad de M\u00e9xico.<br>&#8220;SI, tiene mucha aceptaci\u00f3n Claudua Sheinbaum por ser mujer y aqu\u00ed en las Asociones Vecinales la mayor\u00eda son mujeres, las que simpatizan con ella, en cada colonia que voy se ha hecho sentir muy fuerte la se\u00f1ora Claudia Sheinbaum, nos han hecho ver que si les gustar\u00eda que una mujer gobernar\u00e1 el pa\u00eds y yo veo que hay mucha simpat\u00eda por ella&#8221;.<\/p>\n\n\n\n<figure class=\"wp-block-image size-full\"><img loading=\"lazy\" decoding=\"async\" width=\"977\" height=\"977\" src=\"http:\/\/diariodigitalmx.com\/wp-content\/uploads\/2023\/06\/IMG_20230623_200238_788.webp\" alt=\"\" class=\"wp-image-100512\" srcset=\"https:\/\/diariodigitalmx.com\/wp-content\/uploads\/2023\/06\/IMG_20230623_200238_788.webp 977w, https:\/\/diariodigitalmx.com\/wp-content\/uploads\/2023\/06\/IMG_20230623_200238_788-300x300.webp 300w, https:\/\/diariodigitalmx.com\/wp-content\/uploads\/2023\/06\/IMG_20230623_200238_788-150x150.webp 150w, https:\/\/diariodigitalmx.com\/wp-content\/uploads\/2023\/06\/IMG_20230623_200238_788-768x768.webp 768w\" sizes=\"(max-width: 977px) 100vw, 977px\" \/><\/figure>\n\n\n\n<p>El dirigente manifest\u00f3 que en un gesto de democracia y apertura la organizaci\u00f3n, constituida hace cuatro a\u00f1os respeta la diversidad politica de las mujeres y hombres que la conforman .<br>&#8220;Platicamos y yo les digo a los integrantes de nuestra agrupaci\u00f3n que vean bien las propuestas, que aqu\u00ed hay democracia y no les vamos a decir por qui\u00e9n votar. Les decimos si que vean bien al candidato o candidata de cualquier partido que traiga buenas propuestas, que sean trasparentes y no los enga\u00f1e, ya no se puede enga\u00f1ar al pueblo tan facilmente&#8221;, expres\u00f3 Serna Servin.<\/p>\n\n\n\n<figure class=\"wp-block-image size-full\"><img loading=\"lazy\" decoding=\"async\" width=\"644\" height=\"644\" src=\"http:\/\/diariodigitalmx.com\/wp-content\/uploads\/2023\/06\/IMG_20230623_200238_585.webp\" alt=\"\" class=\"wp-image-100515\" srcset=\"https:\/\/diariodigitalmx.com\/wp-content\/uploads\/2023\/06\/IMG_20230623_200238_585.webp 644w, https:\/\/diariodigitalmx.com\/wp-content\/uploads\/2023\/06\/IMG_20230623_200238_585-300x300.webp 300w, https:\/\/diariodigitalmx.com\/wp-content\/uploads\/2023\/06\/IMG_20230623_200238_585-150x150.webp 150w\" sizes=\"(max-width: 644px) 100vw, 644px\" \/><\/figure>\n\n\n\n<p>Detall\u00f3 que los programas de Claudia Sheinbaum en materia de apoyo a las mujeres, de combate a la inseguridad, movilidad, educaci\u00f3n, salud y de impulso social han llamado en forma positiva la atenci\u00f3n entre los miembros de la Federaci\u00f3n de Asociaciones Vecinales, en su gran mayor\u00eda mujeres.<br>La organizaci\u00f3n trabaja en forma ininterrumpida desde el 2021 y ha experimentado un crecimiento &#8220;impresionante&#8221; al grado de que en menos de un a\u00f1o se incremento su membres\u00eda de 25 mil a 35 mil ciudadanos lo que refleja la aceptaci\u00f3n que les ha demostrado la sociedad civil.<\/p>\n","protected":false},"excerpt":{"rendered":"<p>Por: Francisco J. Pe\u00f1a MedinaCon m\u00e1s de 35 mil integrantes en el Estado, la Federaci\u00f3n de Asociaciones Vecinales &#8220;Teresa Servin L\u00f3pez&#8221; reconoci\u00f3 que las mujeres que forman parte de sus estructuras han expresado su simpat\u00eda por el proyecto pol\u00edtico de Claudia Sheinbaum Pardo, aspirante presidencial de Morena.Osvaldo Serna Servin presidente de esta Asociaci\u00f3n Civil se\u00f1ala [&hellip;]<\/p>\n","protected":false},"author":1,"featured_media":100511,"comment_status":"open","ping_status":"open","sticky":true,"template":"","format":"standard","meta":{"footnotes":""},"categories":[14,6],"tags":[],"_links":{"self":[{"href":"https:\/\/diariodigitalmx.com\/index.php\/wp-json\/wp\/v2\/posts\/100509"}],"collection":[{"href":"https:\/\/diariodigitalmx.com\/index.php\/wp-json\/wp\/v2\/posts"}],"about":[{"href":"https:\/\/diariodigitalmx.com\/index.php\/wp-json\/wp\/v2\/types\/post"}],"author":[{"embeddable":true,"href":"https:\/\/diariodigitalmx.com\/index.php\/wp-json\/wp\/v2\/users\/1"}],"replies":[{"embeddable":true,"href":"https:\/\/diariodigitalmx.com\/index.php\/wp-json\/wp\/v2\/comments?post=100509"}],"version-history":[{"count":3,"href":"https:\/\/diariodigitalmx.com\/index.php\/wp-json\/wp\/v2\/posts\/100509\/revisions"}],"predecessor-version":[{"id":100516,"href":"https:\/\/diariodigitalmx.com\/index.php\/wp-json\/wp\/v2\/posts\/100509\/revisions\/100516"}],"wp:featuredmedia":[{"embeddable":true,"href":"https:\/\/diariodigitalmx.com\/index.php\/wp-json\/wp\/v2\/media\/100511"}],"wp:attachment":[{"href":"https:\/\/diariodigitalmx.com\/index.php\/wp-json\/wp\/v2\/media?parent=100509"}],"wp:term":[{"taxonomy":"category","embeddable":true,"href":"https:\/\/diariodigitalmx.com\/index.php\/wp-json\/wp\/v2\/categories?post=100509"},{"taxonomy":"post_tag","embeddable":true,"href":"https:\/\/diariodigitalmx.com\/index.php\/wp-json\/wp\/v2\/tags?post=100509"}],"curies":[{"name":"wp","href":"https:\/\/api.w.org\/{rel}","templated":true}]}}