{"id":100517,"date":"2023-06-23T21:39:17","date_gmt":"2023-06-24T02:39:17","guid":{"rendered":"http:\/\/diariodigitalmx.com\/?p=100517"},"modified":"2023-06-23T21:39:58","modified_gmt":"2023-06-24T02:39:58","slug":"agricultores-texanos-quieren-que-mexico-cumpla-con-deuda-de-agua","status":"publish","type":"post","link":"https:\/\/diariodigitalmx.com\/index.php\/2023\/06\/23\/agricultores-texanos-quieren-que-mexico-cumpla-con-deuda-de-agua\/","title":{"rendered":"Agricultores texanos quieren que M\u00e9xico cumpla con deuda de agua"},"content":{"rendered":"\n<p><br>Por Rogelio Romero<br>San Juan, TX.- Decenas de agricultores texanos se\u00f1alaron que solicitar\u00e1n al gobierno de Estados Unidos, que haga valer a Mexico el tratado binacional de agua, para que en las pr\u00f3ximas semanas las autoridades mexicanas aporten la cantidad del vital l\u00edquido que les corresponde, y que, es necesaria para las actividades agr\u00edcolas que se desarrollan en el Sur de Texas.<br>De acuerdo a lo se\u00f1alado por el agricultor y due\u00f1o de tierras, Frank Jim\u00e9nez, las autoridades mexicanos debieron entregar la cantidad de agua que les corresponde el pasado mes de mayo.<br>\u201cHay dos formas de cumplir con los pagos del adeudo que puede ser en anualidades o al t\u00e9rmino de un ciclo de 5 a\u00f1os\u201d, agreg\u00f3.<br>Record\u00f3 que el agua que libera M\u00e9xico hacia Estados Unidos, no solo se utiliza para labores agr\u00edcolas, sino tambi\u00e9n para uso industrial.<br>El agua es necesaria para la irrigaci\u00f3n y crecimiento de la industria de c\u00edtricos, la ca\u00f1a de az\u00facar y otros cultivos como sorgo y ma\u00edz.<br>De acuerdo a un reporte del Departamento de Utilidades P\u00fablicas de McAllen la reserva combinada de agua que existe en las presas texanas Falc\u00f3n y Amistad se encuentra en un 35 por ciento.<br>Adem\u00e1s agrega el reporte que a este paso del uso acelerado de la reserva de agua los municipios y distritos de riego tendr\u00edan que comenzar a aplicar restricciones en el uso del vital l\u00edquido, despu\u00e9s de 2 meses.<br>Por otra parte la asociaci\u00f3n de c\u00edtricos local Texas Citrus Mutual inform\u00f3 que la cantidad de agua que adeuda M\u00e9xico a Estados Unidos, hasta el pasado 27 de mayo, era de 556 mil 879 pies acre de agua.<\/p>\n","protected":false},"excerpt":{"rendered":"<p>Por Rogelio RomeroSan Juan, TX.- Decenas de agricultores texanos se\u00f1alaron que solicitar\u00e1n al gobierno de Estados Unidos, que haga valer a Mexico el tratado binacional de agua, para que en las pr\u00f3ximas semanas las autoridades mexicanas aporten la cantidad del vital l\u00edquido que les corresponde, y que, es necesaria para las actividades agr\u00edcolas que se [&hellip;]<\/p>\n","protected":false},"author":1,"featured_media":100519,"comment_status":"open","ping_status":"open","sticky":true,"template":"","format":"standard","meta":{"footnotes":""},"categories":[14,4],"tags":[],"_links":{"self":[{"href":"https:\/\/diariodigitalmx.com\/index.php\/wp-json\/wp\/v2\/posts\/100517"}],"collection":[{"href":"https:\/\/diariodigitalmx.com\/index.php\/wp-json\/wp\/v2\/posts"}],"about":[{"href":"https:\/\/diariodigitalmx.com\/index.php\/wp-json\/wp\/v2\/types\/post"}],"author":[{"embeddable":true,"href":"https:\/\/diariodigitalmx.com\/index.php\/wp-json\/wp\/v2\/users\/1"}],"replies":[{"embeddable":true,"href":"https:\/\/diariodigitalmx.com\/index.php\/wp-json\/wp\/v2\/comments?post=100517"}],"version-history":[{"count":1,"href":"https:\/\/diariodigitalmx.com\/index.php\/wp-json\/wp\/v2\/posts\/100517\/revisions"}],"predecessor-version":[{"id":100518,"href":"https:\/\/diariodigitalmx.com\/index.php\/wp-json\/wp\/v2\/posts\/100517\/revisions\/100518"}],"wp:featuredmedia":[{"embeddable":true,"href":"https:\/\/diariodigitalmx.com\/index.php\/wp-json\/wp\/v2\/media\/100519"}],"wp:attachment":[{"href":"https:\/\/diariodigitalmx.com\/index.php\/wp-json\/wp\/v2\/media?parent=100517"}],"wp:term":[{"taxonomy":"category","embeddable":true,"href":"https:\/\/diariodigitalmx.com\/index.php\/wp-json\/wp\/v2\/categories?post=100517"},{"taxonomy":"post_tag","embeddable":true,"href":"https:\/\/diariodigitalmx.com\/index.php\/wp-json\/wp\/v2\/tags?post=100517"}],"curies":[{"name":"wp","href":"https:\/\/api.w.org\/{rel}","templated":true}]}}