{"id":100529,"date":"2023-06-24T00:33:05","date_gmt":"2023-06-24T05:33:05","guid":{"rendered":"http:\/\/diariodigitalmx.com\/?p=100529"},"modified":"2023-06-24T00:33:41","modified_gmt":"2023-06-24T05:33:41","slug":"exige-canaco-solucion-al-problema-de-suministro-electrico","status":"publish","type":"post","link":"https:\/\/diariodigitalmx.com\/index.php\/2023\/06\/24\/exige-canaco-solucion-al-problema-de-suministro-electrico\/","title":{"rendered":"Exige Canaco soluci\u00f3n al problema de suministro el\u00e9ctrico"},"content":{"rendered":"\n<p>Los comerciantes organizados mostraron preocupaci\u00f3n por los apagones de electricidad que afectan a los ciudadanos y al sector econ\u00f3mico, por lo que exigieron a las autoridades tomen medidas urgentes que permitan garantizar el suministro de energ\u00eda.<\/p>\n\n\n\n<p>&#8220;En Canaco Monterrey estamos preocupados por la situaci\u00f3n de intermitencia en el suministro el\u00e9ctrico que Nuevo Le\u00f3n experimenta en distintos municipios, derivado de las altas temperaturas en el pa\u00eds, pues generan un impacto importante a las familias del Estado, as\u00ed como a los comercios, servicios y empresas del sector&#8221;, dijo la Canaco a traves de un comunicado.<\/p>\n\n\n\n<p>&#8220;La energ\u00eda el\u00e9ctrica es un elemento indispensable tanto para la vida diaria de los colaboradores, as\u00ed como en la operaci\u00f3n de los negocios. Las intermitencias registradas estas semanas interrumpen el proceso de venta de productos o servicios y tienen como consecuencia un impacto econ\u00f3mico relevante y p\u00e9rdidas&#8221;, mencion\u00f3 el organismo que agrupa a los comerciantes organizados.<\/p>\n\n\n\n<p>&#8220;Hacemos un llamado a las autoridades competentes para que se tomen medidas urgentes y efectivas con el fin de garantizar un suministro el\u00e9ctrico estable y confiable que impulse el desarrollo econ\u00f3mico y tur\u00edstico en nuestra regi\u00f3n, con la finalidad de evitar los periodos de corte de energ\u00eda el\u00e9ctrica y minimizar las p\u00e9rdidas econ\u00f3micas para los negocios&#8221;, a\u00f1adi\u00f3.<\/p>\n\n\n\n<p>&#8220;Ante las oportunidades en el Estado derivadas de la relocalizaci\u00f3n es vital contar con un suministro el\u00e9ctrico eficiente que permita aprovechar y maximizar los beneficios de estas inversiones&#8221;, destac\u00f3 la informaci\u00f3n.<\/p>\n","protected":false},"excerpt":{"rendered":"<p>Los comerciantes organizados mostraron preocupaci\u00f3n por los apagones de electricidad que afectan a los ciudadanos y al sector econ\u00f3mico, por lo que exigieron a las autoridades tomen medidas urgentes que permitan garantizar el suministro de energ\u00eda. &#8220;En Canaco Monterrey estamos preocupados por la situaci\u00f3n de intermitencia en el suministro el\u00e9ctrico que Nuevo Le\u00f3n experimenta en [&hellip;]<\/p>\n","protected":false},"author":1,"featured_media":100531,"comment_status":"open","ping_status":"open","sticky":true,"template":"","format":"standard","meta":{"footnotes":""},"categories":[6,3],"tags":[],"_links":{"self":[{"href":"https:\/\/diariodigitalmx.com\/index.php\/wp-json\/wp\/v2\/posts\/100529"}],"collection":[{"href":"https:\/\/diariodigitalmx.com\/index.php\/wp-json\/wp\/v2\/posts"}],"about":[{"href":"https:\/\/diariodigitalmx.com\/index.php\/wp-json\/wp\/v2\/types\/post"}],"author":[{"embeddable":true,"href":"https:\/\/diariodigitalmx.com\/index.php\/wp-json\/wp\/v2\/users\/1"}],"replies":[{"embeddable":true,"href":"https:\/\/diariodigitalmx.com\/index.php\/wp-json\/wp\/v2\/comments?post=100529"}],"version-history":[{"count":1,"href":"https:\/\/diariodigitalmx.com\/index.php\/wp-json\/wp\/v2\/posts\/100529\/revisions"}],"predecessor-version":[{"id":100530,"href":"https:\/\/diariodigitalmx.com\/index.php\/wp-json\/wp\/v2\/posts\/100529\/revisions\/100530"}],"wp:featuredmedia":[{"embeddable":true,"href":"https:\/\/diariodigitalmx.com\/index.php\/wp-json\/wp\/v2\/media\/100531"}],"wp:attachment":[{"href":"https:\/\/diariodigitalmx.com\/index.php\/wp-json\/wp\/v2\/media?parent=100529"}],"wp:term":[{"taxonomy":"category","embeddable":true,"href":"https:\/\/diariodigitalmx.com\/index.php\/wp-json\/wp\/v2\/categories?post=100529"},{"taxonomy":"post_tag","embeddable":true,"href":"https:\/\/diariodigitalmx.com\/index.php\/wp-json\/wp\/v2\/tags?post=100529"}],"curies":[{"name":"wp","href":"https:\/\/api.w.org\/{rel}","templated":true}]}}