{"id":100541,"date":"2023-06-25T09:49:50","date_gmt":"2023-06-25T14:49:50","guid":{"rendered":"http:\/\/diariodigitalmx.com\/?p=100541"},"modified":"2023-06-25T09:50:25","modified_gmt":"2023-06-25T14:50:25","slug":"no-hay-problemas-con-la-energia-amlo","status":"publish","type":"post","link":"https:\/\/diariodigitalmx.com\/index.php\/2023\/06\/25\/no-hay-problemas-con-la-energia-amlo\/","title":{"rendered":"No hay problemas con la energ\u00eda: AMLO"},"content":{"rendered":"\n<p>En la zona metropolitana de Monterrey contin\u00faan los bloqueos de avenidas por usuarios de la CFE que sufren apagones y que, tienen d\u00edas sin el servicio de energ\u00eda el\u00e9ctrica, mientras en contrapartida el presidente de la Rep\u00fablica niega la existencia del problema.<\/p>\n\n\n\n<p>&#8220;Reafirmo que no hay nada qu\u00e9 temer porque no van a haber apagones, hay reservas suficientes, reservas de energ\u00eda el\u00e9ctrica\u201d, asegura el presidente Andr\u00e9s Manuel L\u00f3pez Obrador a periodistas previo a la supervisi\u00f3n de obras en el Istmo de Tehuantepec, al sur de M\u00e9xico.<\/p>\n\n\n\n<p>\u201cEn ninguna parte (del pa\u00eds) hay problemas con la energ\u00eda, tenemos reservas suficientes, no hay nada, si se tratara de una helada en Texas (EE.UU.), all\u00e1 s\u00ed tienen problema, porque ellos privatizaron toda la industria el\u00e9ctrica, y nosotros estamos rescatando de la privatizaci\u00f3n a la industria el\u00e9ctrica nacional&#8221;, a\u00f1adi\u00f3.<\/p>\n\n\n\n<p>Por otro lado, informaci\u00f3n del Centro Nacional de Control de Energ\u00eda (Cenace), se\u00f1ala que el consumo y demanda de energ\u00eda el\u00e9ctrica en M\u00e9xico ha estado al l\u00edmite de la capacidad de generaci\u00f3n de la Comisi\u00f3n Federal de Electricidad (CFE) encabezada por Manuel Bartlett, y en por lo menos 12 estados del pa\u00eds se han registrado apagones.<\/p>\n","protected":false},"excerpt":{"rendered":"<p>En la zona metropolitana de Monterrey contin\u00faan los bloqueos de avenidas por usuarios de la CFE que sufren apagones y que, tienen d\u00edas sin el servicio de energ\u00eda el\u00e9ctrica, mientras en contrapartida el presidente de la Rep\u00fablica niega la existencia del problema. &#8220;Reafirmo que no hay nada qu\u00e9 temer porque no van a haber apagones, [&hellip;]<\/p>\n","protected":false},"author":1,"featured_media":100543,"comment_status":"open","ping_status":"open","sticky":true,"template":"","format":"standard","meta":{"footnotes":""},"categories":[2,5],"tags":[],"_links":{"self":[{"href":"https:\/\/diariodigitalmx.com\/index.php\/wp-json\/wp\/v2\/posts\/100541"}],"collection":[{"href":"https:\/\/diariodigitalmx.com\/index.php\/wp-json\/wp\/v2\/posts"}],"about":[{"href":"https:\/\/diariodigitalmx.com\/index.php\/wp-json\/wp\/v2\/types\/post"}],"author":[{"embeddable":true,"href":"https:\/\/diariodigitalmx.com\/index.php\/wp-json\/wp\/v2\/users\/1"}],"replies":[{"embeddable":true,"href":"https:\/\/diariodigitalmx.com\/index.php\/wp-json\/wp\/v2\/comments?post=100541"}],"version-history":[{"count":1,"href":"https:\/\/diariodigitalmx.com\/index.php\/wp-json\/wp\/v2\/posts\/100541\/revisions"}],"predecessor-version":[{"id":100542,"href":"https:\/\/diariodigitalmx.com\/index.php\/wp-json\/wp\/v2\/posts\/100541\/revisions\/100542"}],"wp:featuredmedia":[{"embeddable":true,"href":"https:\/\/diariodigitalmx.com\/index.php\/wp-json\/wp\/v2\/media\/100543"}],"wp:attachment":[{"href":"https:\/\/diariodigitalmx.com\/index.php\/wp-json\/wp\/v2\/media?parent=100541"}],"wp:term":[{"taxonomy":"category","embeddable":true,"href":"https:\/\/diariodigitalmx.com\/index.php\/wp-json\/wp\/v2\/categories?post=100541"},{"taxonomy":"post_tag","embeddable":true,"href":"https:\/\/diariodigitalmx.com\/index.php\/wp-json\/wp\/v2\/tags?post=100541"}],"curies":[{"name":"wp","href":"https:\/\/api.w.org\/{rel}","templated":true}]}}