{"id":100591,"date":"2023-06-25T17:33:07","date_gmt":"2023-06-25T22:33:07","guid":{"rendered":"http:\/\/diariodigitalmx.com\/?p=100591"},"modified":"2023-06-25T17:42:15","modified_gmt":"2023-06-25T22:42:15","slug":"cumple-38-anos-la-tribuna-libre-por-mejico-que-fundo-herminio-gomez-rangel-activista-que-sigue-en-la-lucha","status":"publish","type":"post","link":"https:\/\/diariodigitalmx.com\/index.php\/2023\/06\/25\/cumple-38-anos-la-tribuna-libre-por-mejico-que-fundo-herminio-gomez-rangel-activista-que-sigue-en-la-lucha\/","title":{"rendered":"Cumple 38 a\u00f1os la &#8220;Tribuna Libre por M\u00e9jico&#8221;, que fund\u00f3 Herminio G\u00f3mez Rangel, activista que sigue en la lucha"},"content":{"rendered":"\n<p>Monterrey- &#8211; Cada domingo desde hace 38 a\u00f1os, Herminio G\u00f3mez ha acudido puntual a su cita en la &#8220;Tribuna Libre por M\u00e9jico&#8221;, para luchar por la democracia, combatir la corrupci\u00f3n y defender el voto cuando hay elecciones.<br>Amigos, activistas, pol\u00edticos, periodistas y ciudadanos han dado su respaldo a Gomez Rangel quien asegura seguir\u00e1 hasta que ya no pueda estar ah\u00ed.<br>De 88 a\u00f1os de edad, este tampique\u00f1o fund\u00f3<br>el 30 de junio de 1985 la tribuna para pedir\u00a0democracia\u00a0y respeto al\u00a0voto\u00a0cuando\u00a0Fernando Canales Clariond\u00a0fue por primera vez candidato a la gubernatura de\u00a0Nuevo Le\u00f3n, por el PAN, en el que milit\u00f3 el activista Gomez, al que renunci\u00f3 al decepcionarse de ese partido.<\/p>\n\n\n\n<figure class=\"wp-block-image size-full\"><img loading=\"lazy\" decoding=\"async\" width=\"768\" height=\"576\" src=\"http:\/\/diariodigitalmx.com\/wp-content\/uploads\/2023\/06\/20220626_131531-768x576-1.jpg\" alt=\"\" class=\"wp-image-100611\" srcset=\"https:\/\/diariodigitalmx.com\/wp-content\/uploads\/2023\/06\/20220626_131531-768x576-1.jpg 768w, https:\/\/diariodigitalmx.com\/wp-content\/uploads\/2023\/06\/20220626_131531-768x576-1-300x225.jpg 300w\" sizes=\"(max-width: 768px) 100vw, 768px\" \/><\/figure>\n\n\n\n<p>Meses antes hab\u00eda hecho un recorrido, financiado por el propio Canales y otros connotados empresarios albiazules a Espa\u00f1a, Francia, Inglaterra y Holanda, donde sigui\u00f3 al entonces presidente Miguel de la Madrid, al que le ped\u00eda un proceso limpio en\u00a0Nuevo Le\u00f3n.<br>En 1982 realiz\u00f3 una caminata de 85 d\u00edas, desde Guatemala hasta el\u00a0 Paso, Texas, para pedir a la gente que votara en el proceso electoral presidencial.<br>&#8220;Los invitaba a\u00a0ejercer\u00a0el\u00a0voto, por quien quisieran, pero que fueran a las urnas&#8221;.<br>Su popularidad lo llev\u00f3 a contender internamente en el\u00a0PAN\u00a0por candidaturas a diputado, alcalde y hasta gobernador, pero siempre fue obstaculizado por lo que &#8220;se cans\u00f3&#8221; \u2013afirma- de la\u00a0antidemocracia\u00a0y el\u00a0autoritarismo\u00a0de los\u00a0panistas\u00a0y abandon\u00f3 esas filas en 1991.<\/p>\n\n\n\n<figure class=\"wp-block-image size-full\"><img loading=\"lazy\" decoding=\"async\" width=\"460\" height=\"290\" src=\"http:\/\/diariodigitalmx.com\/wp-content\/uploads\/2023\/06\/CIxUvFaWoAALHxD.jpeg\" alt=\"\" class=\"wp-image-100597\" srcset=\"https:\/\/diariodigitalmx.com\/wp-content\/uploads\/2023\/06\/CIxUvFaWoAALHxD.jpeg 460w, https:\/\/diariodigitalmx.com\/wp-content\/uploads\/2023\/06\/CIxUvFaWoAALHxD-300x189.jpeg 300w\" sizes=\"(max-width: 460px) 100vw, 460px\" \/><\/figure>\n\n\n\n<p>Hasta la tribuna ubicada en el parque hundido de la Gran Plaza, &nbsp;han llegado Fernando Canales Clariond,&nbsp;&nbsp;Manuel J. Clouthier&nbsp;y&nbsp;Pablo Emilio Madero, del&nbsp;PAN;&nbsp;S\u00f3crates Rizzo, del&nbsp;PRI;&nbsp;Fernando Elizondo, ex panista, y&nbsp;Andr\u00e9s Manuel L\u00f3pez, entre otros muchos.<br>Inclusive, dice, fue el priista&nbsp;S\u00f3crates Rizzo&nbsp;quien le respald\u00f3 en su lucha y le construy\u00f3 la infraestructura que ahora se tiene en el&nbsp;parque hundido.<\/p>\n\n\n\n<figure class=\"wp-block-image size-large\"><img loading=\"lazy\" decoding=\"async\" width=\"1024\" height=\"576\" src=\"http:\/\/diariodigitalmx.com\/wp-content\/uploads\/2023\/06\/c4bee227-e76b-4890-8971-9c371b467ff9-1-1024x576.jpg\" alt=\"\" class=\"wp-image-100599\" srcset=\"https:\/\/diariodigitalmx.com\/wp-content\/uploads\/2023\/06\/c4bee227-e76b-4890-8971-9c371b467ff9-1-1024x576.jpg 1024w, https:\/\/diariodigitalmx.com\/wp-content\/uploads\/2023\/06\/c4bee227-e76b-4890-8971-9c371b467ff9-1-300x169.jpg 300w, https:\/\/diariodigitalmx.com\/wp-content\/uploads\/2023\/06\/c4bee227-e76b-4890-8971-9c371b467ff9-1-768x432.jpg 768w, https:\/\/diariodigitalmx.com\/wp-content\/uploads\/2023\/06\/c4bee227-e76b-4890-8971-9c371b467ff9-1.jpg 1177w\" sizes=\"(max-width: 1024px) 100vw, 1024px\" \/><\/figure>\n\n\n\n<p>Recuerda que durante los dos a\u00f1os m\u00e1s fuertes de la pandemia, algunos domingos se ha realizado la actividad en otro lugar, con poca gente y bajo las medidas sanitarias.<br>El nombre y el esquema lo copi\u00f3 dice, de&nbsp;Hayde Park, en Londres, con el prop\u00f3sito de tener un espacio para quien tenga un mensaje &#8220;siempre y cuando se haga responsable de lo que dice&#8221;. Despu\u00e9s del parque londinense, en antig\u00fcedad sigue esta tribuna regia; hay otros seis en el mundo, ocho en total.<\/p>\n\n\n\n<figure class=\"wp-block-gallery has-nested-images columns-default is-cropped wp-block-gallery-1 is-layout-flex wp-block-gallery-is-layout-flex\">\n<figure class=\"wp-block-image size-large\"><img loading=\"lazy\" decoding=\"async\" width=\"554\" height=\"554\" data-id=\"100603\" src=\"http:\/\/diariodigitalmx.com\/wp-content\/uploads\/2023\/06\/images-3.jpeg\" alt=\"\" class=\"wp-image-100603\" srcset=\"https:\/\/diariodigitalmx.com\/wp-content\/uploads\/2023\/06\/images-3.jpeg 554w, https:\/\/diariodigitalmx.com\/wp-content\/uploads\/2023\/06\/images-3-300x300.jpeg 300w, https:\/\/diariodigitalmx.com\/wp-content\/uploads\/2023\/06\/images-3-150x150.jpeg 150w\" sizes=\"(max-width: 554px) 100vw, 554px\" \/><\/figure>\n<\/figure>\n\n\n\n<p>G\u00f3mez Rangel se gana la vida como vendedor de seguros y&nbsp; dice, sin mencionar nombres, que un gobierno panista le invit\u00f3 a&nbsp; asegurar la flotilla de veh\u00edculos a lo que se neg\u00f3. &#8220;Siempre he sido libre, amo la libertad y no podr\u00eda criticarlos luego&#8221;.<\/p>\n\n\n\n<figure class=\"wp-block-gallery has-nested-images columns-default is-cropped wp-block-gallery-2 is-layout-flex wp-block-gallery-is-layout-flex\">\n<figure class=\"wp-block-image size-large\"><img loading=\"lazy\" decoding=\"async\" width=\"1024\" height=\"576\" data-id=\"100607\" src=\"http:\/\/diariodigitalmx.com\/wp-content\/uploads\/2023\/06\/IMG-20230625-WA0043-1024x576.jpg\" alt=\"\" class=\"wp-image-100607\" srcset=\"https:\/\/diariodigitalmx.com\/wp-content\/uploads\/2023\/06\/IMG-20230625-WA0043-1024x576.jpg 1024w, https:\/\/diariodigitalmx.com\/wp-content\/uploads\/2023\/06\/IMG-20230625-WA0043-300x169.jpg 300w, https:\/\/diariodigitalmx.com\/wp-content\/uploads\/2023\/06\/IMG-20230625-WA0043-768x432.jpg 768w, https:\/\/diariodigitalmx.com\/wp-content\/uploads\/2023\/06\/IMG-20230625-WA0043.jpg 1280w\" sizes=\"(max-width: 1024px) 100vw, 1024px\" \/><\/figure>\n\n\n\n<figure class=\"wp-block-image size-large\"><img loading=\"lazy\" decoding=\"async\" width=\"1024\" height=\"576\" data-id=\"100608\" src=\"http:\/\/diariodigitalmx.com\/wp-content\/uploads\/2023\/06\/IMG-20230625-WA0044-1024x576.jpg\" alt=\"\" class=\"wp-image-100608\" srcset=\"https:\/\/diariodigitalmx.com\/wp-content\/uploads\/2023\/06\/IMG-20230625-WA0044-1024x576.jpg 1024w, https:\/\/diariodigitalmx.com\/wp-content\/uploads\/2023\/06\/IMG-20230625-WA0044-300x169.jpg 300w, https:\/\/diariodigitalmx.com\/wp-content\/uploads\/2023\/06\/IMG-20230625-WA0044-768x432.jpg 768w, https:\/\/diariodigitalmx.com\/wp-content\/uploads\/2023\/06\/IMG-20230625-WA0044.jpg 1280w\" sizes=\"(max-width: 1024px) 100vw, 1024px\" \/><\/figure>\n\n\n\n<figure class=\"wp-block-image size-large\"><img loading=\"lazy\" decoding=\"async\" width=\"1024\" height=\"576\" data-id=\"100609\" src=\"http:\/\/diariodigitalmx.com\/wp-content\/uploads\/2023\/06\/IMG-20230625-WA0047-1024x576.jpg\" alt=\"\" class=\"wp-image-100609\" srcset=\"https:\/\/diariodigitalmx.com\/wp-content\/uploads\/2023\/06\/IMG-20230625-WA0047-1024x576.jpg 1024w, https:\/\/diariodigitalmx.com\/wp-content\/uploads\/2023\/06\/IMG-20230625-WA0047-300x169.jpg 300w, https:\/\/diariodigitalmx.com\/wp-content\/uploads\/2023\/06\/IMG-20230625-WA0047-768x432.jpg 768w, https:\/\/diariodigitalmx.com\/wp-content\/uploads\/2023\/06\/IMG-20230625-WA0047.jpg 1280w\" sizes=\"(max-width: 1024px) 100vw, 1024px\" \/><\/figure>\n\n\n\n<figure class=\"wp-block-image size-large\"><img loading=\"lazy\" decoding=\"async\" width=\"1024\" height=\"576\" data-id=\"100606\" src=\"http:\/\/diariodigitalmx.com\/wp-content\/uploads\/2023\/06\/IMG-20230625-WA0049-1024x576.jpg\" alt=\"\" class=\"wp-image-100606\" srcset=\"https:\/\/diariodigitalmx.com\/wp-content\/uploads\/2023\/06\/IMG-20230625-WA0049-1024x576.jpg 1024w, https:\/\/diariodigitalmx.com\/wp-content\/uploads\/2023\/06\/IMG-20230625-WA0049-300x169.jpg 300w, https:\/\/diariodigitalmx.com\/wp-content\/uploads\/2023\/06\/IMG-20230625-WA0049-768x432.jpg 768w, https:\/\/diariodigitalmx.com\/wp-content\/uploads\/2023\/06\/IMG-20230625-WA0049.jpg 1280w\" sizes=\"(max-width: 1024px) 100vw, 1024px\" \/><\/figure>\n<\/figure>\n\n\n\n<p>Recuerda que no ha sido nada f\u00e1cil, pues vivi\u00f3 las amenazas de los gobiernos priistas de entonces, el asedio de los agentes de Gobernaci\u00f3n, &#8220;aunque hoy las cosas han cambiado, falta camino por recorrer, hay apertura y puedo decir lo que quiero cada domingo y salir en defensa de grupos vulnerables como las llamadas mar\u00edas&#8221;.<br>Con lucidez, Herminio G\u00f3mez recuerda el ninguneo y el desprecio de las c\u00fapulas de Acci\u00f3n Nacional hacia \u00e9l, la falta de solidaridad y apoyo de Fernando Canales y otros hombres de poder en el&nbsp;PAN. &#8220;Era yo el candidato natural a&nbsp;Monterrey, pero me pusieron peros y llevaron a un se\u00f1or de nombre Gerardo Garza Sada, entonces me fui del partido&#8221;.<br>S\u00f3lo pocos, dos o tres domingos, ha estado solo, sin gente, acompa\u00f1ado por uno o dos reporteros: &#8220;Si vieran como se siente llegar con un discurso que he preparado toda la semana para que no haya nadie a quien decirlo, se llenan los ojos de l\u00e1grimas porque me doy cuenta entonces, que no he convencido con mi lucha a trav\u00e9s de tantos a\u00f1os&#8221;.<\/p>\n","protected":false},"excerpt":{"rendered":"<p>Monterrey- &#8211; Cada domingo desde hace 38 a\u00f1os, Herminio G\u00f3mez ha acudido puntual a su cita en la &#8220;Tribuna Libre por M\u00e9jico&#8221;, para luchar por la democracia, combatir la corrupci\u00f3n y defender el voto cuando hay elecciones.Amigos, activistas, pol\u00edticos, periodistas y ciudadanos han dado su respaldo a Gomez Rangel quien asegura seguir\u00e1 hasta que ya [&hellip;]<\/p>\n","protected":false},"author":1,"featured_media":100593,"comment_status":"open","ping_status":"open","sticky":true,"template":"","format":"standard","meta":{"footnotes":""},"categories":[6,3],"tags":[],"_links":{"self":[{"href":"https:\/\/diariodigitalmx.com\/index.php\/wp-json\/wp\/v2\/posts\/100591"}],"collection":[{"href":"https:\/\/diariodigitalmx.com\/index.php\/wp-json\/wp\/v2\/posts"}],"about":[{"href":"https:\/\/diariodigitalmx.com\/index.php\/wp-json\/wp\/v2\/types\/post"}],"author":[{"embeddable":true,"href":"https:\/\/diariodigitalmx.com\/index.php\/wp-json\/wp\/v2\/users\/1"}],"replies":[{"embeddable":true,"href":"https:\/\/diariodigitalmx.com\/index.php\/wp-json\/wp\/v2\/comments?post=100591"}],"version-history":[{"count":9,"href":"https:\/\/diariodigitalmx.com\/index.php\/wp-json\/wp\/v2\/posts\/100591\/revisions"}],"predecessor-version":[{"id":100612,"href":"https:\/\/diariodigitalmx.com\/index.php\/wp-json\/wp\/v2\/posts\/100591\/revisions\/100612"}],"wp:featuredmedia":[{"embeddable":true,"href":"https:\/\/diariodigitalmx.com\/index.php\/wp-json\/wp\/v2\/media\/100593"}],"wp:attachment":[{"href":"https:\/\/diariodigitalmx.com\/index.php\/wp-json\/wp\/v2\/media?parent=100591"}],"wp:term":[{"taxonomy":"category","embeddable":true,"href":"https:\/\/diariodigitalmx.com\/index.php\/wp-json\/wp\/v2\/categories?post=100591"},{"taxonomy":"post_tag","embeddable":true,"href":"https:\/\/diariodigitalmx.com\/index.php\/wp-json\/wp\/v2\/tags?post=100591"}],"curies":[{"name":"wp","href":"https:\/\/api.w.org\/{rel}","templated":true}]}}