{"id":100651,"date":"2023-06-26T15:30:27","date_gmt":"2023-06-26T20:30:27","guid":{"rendered":"http:\/\/diariodigitalmx.com\/?p=100651"},"modified":"2023-06-26T15:42:13","modified_gmt":"2023-06-26T20:42:13","slug":"invita-escobedo-a-la-segunda-edicion-de-chamboton","status":"publish","type":"post","link":"https:\/\/diariodigitalmx.com\/index.php\/2023\/06\/26\/invita-escobedo-a-la-segunda-edicion-de-chamboton\/","title":{"rendered":"Invita Escobedo a la segunda edici\u00f3n de &#8220;Chambot\u00f3n&#8221;"},"content":{"rendered":"\n<figure class=\"wp-block-video\"><video controls src=\"http:\/\/diariodigitalmx.com\/wp-content\/uploads\/2023\/06\/LUAV0124-1.mp4\"><\/video><\/figure>\n\n\n\n<p>El Gobierno de Escobedo invita a la segunda edici\u00f3n de \u201cChambat\u00f3n\u201d donde en un mismo lugar los ciudadanos que tienen como meta el tener un trabajo, podr\u00e1n conocer m\u00e1s de 4 mil vacantes y aplicar a ellas de forma inmediata.<\/p>\n\n\n\n<p>A trav\u00e9s de la Secretar\u00eda de Desarrollo Econ\u00f3mico y Turismo se volver\u00e1 a tener el \u201cChambat\u00f3n\u201d este pr\u00f3ximo martes 27 de junio, donde por cinco horas consecutivas m\u00e1s de 80 empresas promocionar\u00e1n las ofertas laborales que tienen.<\/p>\n\n\n\n<p>Los asistentes adem\u00e1s de conocer las mejores ofertas de trabajo tambi\u00e9n podr\u00e1n disfrutar de una gran fiesta con m\u00fasica y buen ambiente.<\/p>\n\n\n\n<figure class=\"wp-block-image size-full\"><img loading=\"lazy\" decoding=\"async\" width=\"720\" height=\"445\" src=\"http:\/\/diariodigitalmx.com\/wp-content\/uploads\/2023\/06\/Screenshot_20230626-142808_Gmail.jpg\" alt=\"\" class=\"wp-image-100655\" srcset=\"https:\/\/diariodigitalmx.com\/wp-content\/uploads\/2023\/06\/Screenshot_20230626-142808_Gmail.jpg 720w, https:\/\/diariodigitalmx.com\/wp-content\/uploads\/2023\/06\/Screenshot_20230626-142808_Gmail-300x185.jpg 300w\" sizes=\"(max-width: 720px) 100vw, 720px\" \/><\/figure>\n\n\n\n<p>Ante el \u00e9xito obtenido en la primera edici\u00f3n, volver\u00e1n las subastas de empleo, actividad en la que se promover\u00e1n a todos los asistentes y as\u00ed las empresas puedan seleccionarlos, si es que cumplen con los perfiles deseados.<\/p>\n\n\n\n<figure class=\"wp-block-image size-full\"><img loading=\"lazy\" decoding=\"async\" width=\"720\" height=\"467\" src=\"http:\/\/diariodigitalmx.com\/wp-content\/uploads\/2023\/06\/Screenshot_20230626-142804_Gmail.jpg\" alt=\"\" class=\"wp-image-100657\" srcset=\"https:\/\/diariodigitalmx.com\/wp-content\/uploads\/2023\/06\/Screenshot_20230626-142804_Gmail.jpg 720w, https:\/\/diariodigitalmx.com\/wp-content\/uploads\/2023\/06\/Screenshot_20230626-142804_Gmail-300x195.jpg 300w\" sizes=\"(max-width: 720px) 100vw, 720px\" \/><\/figure>\n\n\n\n<p>El \u201cChambat\u00f3n\u201d, se realizar\u00e1 el 27 de junio en un sal\u00f3n de eventos, localizado en la Avenida Ra\u00fal Salinas 237, en la Colonia Joyas de An\u00e1huac, en un horario de 10:00 de la ma\u00f1ana hasta las 3:00 de la tarde.<\/p>\n\n\n\n<p>En un mismo lugar se tendr\u00e1n ofertas de trabajo muy variadas, tanto para profesionistas como t\u00e9cnicos.<\/p>\n\n\n\n<figure class=\"wp-block-image size-full\"><img loading=\"lazy\" decoding=\"async\" width=\"720\" height=\"426\" src=\"http:\/\/diariodigitalmx.com\/wp-content\/uploads\/2023\/06\/Screenshot_20230626-142818_Gmail.jpg\" alt=\"\" class=\"wp-image-100659\" srcset=\"https:\/\/diariodigitalmx.com\/wp-content\/uploads\/2023\/06\/Screenshot_20230626-142818_Gmail.jpg 720w, https:\/\/diariodigitalmx.com\/wp-content\/uploads\/2023\/06\/Screenshot_20230626-142818_Gmail-300x178.jpg 300w\" sizes=\"(max-width: 720px) 100vw, 720px\" \/><\/figure>\n\n\n\n<p>Para m\u00e1s informaci\u00f3n del evento, los interesados pueden comunicarse con la Secretar\u00eda de Desarrollo Econ\u00f3mico y Turismo, en el n\u00famero 81.8220.6100, extensiones 1310, 1401 y 1404. De igual modo, por el WhatsApp 811 761 1673.<\/p>\n","protected":false},"excerpt":{"rendered":"<p>El Gobierno de Escobedo invita a la segunda edici\u00f3n de \u201cChambat\u00f3n\u201d donde en un mismo lugar los ciudadanos que tienen como meta el tener un trabajo, podr\u00e1n conocer m\u00e1s de 4 mil vacantes y aplicar a ellas de forma inmediata. A trav\u00e9s de la Secretar\u00eda de Desarrollo Econ\u00f3mico y Turismo se volver\u00e1 a tener el [&hellip;]<\/p>\n","protected":false},"author":1,"featured_media":100653,"comment_status":"open","ping_status":"open","sticky":true,"template":"","format":"standard","meta":{"footnotes":""},"categories":[14,6],"tags":[],"_links":{"self":[{"href":"https:\/\/diariodigitalmx.com\/index.php\/wp-json\/wp\/v2\/posts\/100651"}],"collection":[{"href":"https:\/\/diariodigitalmx.com\/index.php\/wp-json\/wp\/v2\/posts"}],"about":[{"href":"https:\/\/diariodigitalmx.com\/index.php\/wp-json\/wp\/v2\/types\/post"}],"author":[{"embeddable":true,"href":"https:\/\/diariodigitalmx.com\/index.php\/wp-json\/wp\/v2\/users\/1"}],"replies":[{"embeddable":true,"href":"https:\/\/diariodigitalmx.com\/index.php\/wp-json\/wp\/v2\/comments?post=100651"}],"version-history":[{"count":5,"href":"https:\/\/diariodigitalmx.com\/index.php\/wp-json\/wp\/v2\/posts\/100651\/revisions"}],"predecessor-version":[{"id":100663,"href":"https:\/\/diariodigitalmx.com\/index.php\/wp-json\/wp\/v2\/posts\/100651\/revisions\/100663"}],"wp:featuredmedia":[{"embeddable":true,"href":"https:\/\/diariodigitalmx.com\/index.php\/wp-json\/wp\/v2\/media\/100653"}],"wp:attachment":[{"href":"https:\/\/diariodigitalmx.com\/index.php\/wp-json\/wp\/v2\/media?parent=100651"}],"wp:term":[{"taxonomy":"category","embeddable":true,"href":"https:\/\/diariodigitalmx.com\/index.php\/wp-json\/wp\/v2\/categories?post=100651"},{"taxonomy":"post_tag","embeddable":true,"href":"https:\/\/diariodigitalmx.com\/index.php\/wp-json\/wp\/v2\/tags?post=100651"}],"curies":[{"name":"wp","href":"https:\/\/api.w.org\/{rel}","templated":true}]}}