{"id":100670,"date":"2023-06-26T21:16:59","date_gmt":"2023-06-27T02:16:59","guid":{"rendered":"http:\/\/diariodigitalmx.com\/?p=100670"},"modified":"2023-06-26T21:17:43","modified_gmt":"2023-06-27T02:17:43","slug":"abbott-propone-fortalecer-corredor-de-transporte-comercial","status":"publish","type":"post","link":"https:\/\/diariodigitalmx.com\/index.php\/2023\/06\/26\/abbott-propone-fortalecer-corredor-de-transporte-comercial\/","title":{"rendered":"Abbott propone fortalecer corredor de transporte comercial"},"content":{"rendered":"\n<p><br>Por Rogelio Romero<br>Pharr, TX. El gobernador de Texas, Greg Abbott, pidi\u00f3 al Departamento de Transportaci\u00f3n Estatal destinar 150 millones de d\u00f3lares, para la construcci\u00f3n de una carretera de cuatro carriles, que facilitar\u00eda el acceso del transporte de carga comercial que cruza por Pharr, e<br>integrarse con mayor rapidez al sistema de carreteras texanas.<br>El proyecto carretero vendr\u00eda a fortalecer la infraestructura vial del corredor comercial que existe en el sur de Texas.<br>Adem\u00e1s de que tambi\u00e9n beneficiar\u00eda a los conductores que cruzan por el puente de R\u00edo Bravo-Donna, cuando se dirijan hacia varios destinos de Texas.<br>La primera fase consistir\u00eda en la construcci\u00f3n de 4 caminos alternos a la carretera, mientras en la segunda, se edificar\u00eda la carretera de cuatro carriles.<\/p>\n","protected":false},"excerpt":{"rendered":"<p>Por Rogelio RomeroPharr, TX. El gobernador de Texas, Greg Abbott, pidi\u00f3 al Departamento de Transportaci\u00f3n Estatal destinar 150 millones de d\u00f3lares, para la construcci\u00f3n de una carretera de cuatro carriles, que facilitar\u00eda el acceso del transporte de carga comercial que cruza por Pharr, eintegrarse con mayor rapidez al sistema de carreteras texanas.El proyecto carretero vendr\u00eda [&hellip;]<\/p>\n","protected":false},"author":1,"featured_media":100672,"comment_status":"open","ping_status":"open","sticky":true,"template":"","format":"standard","meta":{"footnotes":""},"categories":[14,4],"tags":[],"_links":{"self":[{"href":"https:\/\/diariodigitalmx.com\/index.php\/wp-json\/wp\/v2\/posts\/100670"}],"collection":[{"href":"https:\/\/diariodigitalmx.com\/index.php\/wp-json\/wp\/v2\/posts"}],"about":[{"href":"https:\/\/diariodigitalmx.com\/index.php\/wp-json\/wp\/v2\/types\/post"}],"author":[{"embeddable":true,"href":"https:\/\/diariodigitalmx.com\/index.php\/wp-json\/wp\/v2\/users\/1"}],"replies":[{"embeddable":true,"href":"https:\/\/diariodigitalmx.com\/index.php\/wp-json\/wp\/v2\/comments?post=100670"}],"version-history":[{"count":1,"href":"https:\/\/diariodigitalmx.com\/index.php\/wp-json\/wp\/v2\/posts\/100670\/revisions"}],"predecessor-version":[{"id":100671,"href":"https:\/\/diariodigitalmx.com\/index.php\/wp-json\/wp\/v2\/posts\/100670\/revisions\/100671"}],"wp:featuredmedia":[{"embeddable":true,"href":"https:\/\/diariodigitalmx.com\/index.php\/wp-json\/wp\/v2\/media\/100672"}],"wp:attachment":[{"href":"https:\/\/diariodigitalmx.com\/index.php\/wp-json\/wp\/v2\/media?parent=100670"}],"wp:term":[{"taxonomy":"category","embeddable":true,"href":"https:\/\/diariodigitalmx.com\/index.php\/wp-json\/wp\/v2\/categories?post=100670"},{"taxonomy":"post_tag","embeddable":true,"href":"https:\/\/diariodigitalmx.com\/index.php\/wp-json\/wp\/v2\/tags?post=100670"}],"curies":[{"name":"wp","href":"https:\/\/api.w.org\/{rel}","templated":true}]}}