{"id":100687,"date":"2023-06-27T00:33:24","date_gmt":"2023-06-27T05:33:24","guid":{"rendered":"http:\/\/diariodigitalmx.com\/?p=100687"},"modified":"2023-06-27T00:34:23","modified_gmt":"2023-06-27T05:34:23","slug":"no-es-su-hijo-luis-enrique-guzman","status":"publish","type":"post","link":"https:\/\/diariodigitalmx.com\/index.php\/2023\/06\/27\/no-es-su-hijo-luis-enrique-guzman\/","title":{"rendered":"No es su hijo; Luis Enrique Guzm\u00e1n se hace prueba de ADN"},"content":{"rendered":"\n<p>Tras una prueba de ADN que arrojo que no hay parentesco, Luis Enrique Guzm\u00e1n Pinal, buscar\u00e1 disolver el v\u00ednculo paterno que tiene con el que hasta ahora reconoc\u00eda como el menor de sus hijos.<br>&#8220;Esto no quiere decir que el afecto del se\u00f1or Luis Enrique Guzm\u00e1n para el menor desaparece, (\u2026) pero s\u00ed debe quedar muy claro que esta uni\u00f3n o lazo jur\u00eddico que tiene su g\u00e9nesis en la filiaci\u00f3n, misma que s\u00f3lo reside entre padres e hijos, constituye un estado civil del que derivan tanto derechos como obligaciones, no es dable continuarla&#8221;, se\u00f1al\u00f3 el abogado Francisco Piz.<br>Ahora se iniciar\u00e1 un proceso legal en el que los derechos de recibir alimentos, salud, educaci\u00f3n y sano esparcimiento no le corresponder\u00e1n.<br>&#8220;Esto no le pretende negar al menor el afecto y cari\u00f1o que le pueden brindar su padre y familia biol\u00f3gica, as\u00ed tambi\u00e9n el apoyo econ\u00f3mino al que est\u00e1n obligados&#8221;, dijo el abogado del hijo de Silvia Pinal y Enrique Guzm\u00e1n en un comunicado.<br>A Luis Enrique le hicieron creer que exist\u00eda una relaci\u00f3n familiar y aunque no revel\u00f3 el motivo, decidi\u00f3 realizarse una prueba que determin\u00f3 que el menor no es su hijo.<\/p>\n","protected":false},"excerpt":{"rendered":"<p>Tras una prueba de ADN que arrojo que no hay parentesco, Luis Enrique Guzm\u00e1n Pinal, buscar\u00e1 disolver el v\u00ednculo paterno que tiene con el que hasta ahora reconoc\u00eda como el menor de sus hijos.&#8220;Esto no quiere decir que el afecto del se\u00f1or Luis Enrique Guzm\u00e1n para el menor desaparece, (\u2026) pero s\u00ed debe quedar muy [&hellip;]<\/p>\n","protected":false},"author":1,"featured_media":100690,"comment_status":"open","ping_status":"open","sticky":true,"template":"","format":"standard","meta":{"footnotes":""},"categories":[14,9],"tags":[],"_links":{"self":[{"href":"https:\/\/diariodigitalmx.com\/index.php\/wp-json\/wp\/v2\/posts\/100687"}],"collection":[{"href":"https:\/\/diariodigitalmx.com\/index.php\/wp-json\/wp\/v2\/posts"}],"about":[{"href":"https:\/\/diariodigitalmx.com\/index.php\/wp-json\/wp\/v2\/types\/post"}],"author":[{"embeddable":true,"href":"https:\/\/diariodigitalmx.com\/index.php\/wp-json\/wp\/v2\/users\/1"}],"replies":[{"embeddable":true,"href":"https:\/\/diariodigitalmx.com\/index.php\/wp-json\/wp\/v2\/comments?post=100687"}],"version-history":[{"count":2,"href":"https:\/\/diariodigitalmx.com\/index.php\/wp-json\/wp\/v2\/posts\/100687\/revisions"}],"predecessor-version":[{"id":100689,"href":"https:\/\/diariodigitalmx.com\/index.php\/wp-json\/wp\/v2\/posts\/100687\/revisions\/100689"}],"wp:featuredmedia":[{"embeddable":true,"href":"https:\/\/diariodigitalmx.com\/index.php\/wp-json\/wp\/v2\/media\/100690"}],"wp:attachment":[{"href":"https:\/\/diariodigitalmx.com\/index.php\/wp-json\/wp\/v2\/media?parent=100687"}],"wp:term":[{"taxonomy":"category","embeddable":true,"href":"https:\/\/diariodigitalmx.com\/index.php\/wp-json\/wp\/v2\/categories?post=100687"},{"taxonomy":"post_tag","embeddable":true,"href":"https:\/\/diariodigitalmx.com\/index.php\/wp-json\/wp\/v2\/tags?post=100687"}],"curies":[{"name":"wp","href":"https:\/\/api.w.org\/{rel}","templated":true}]}}