{"id":100708,"date":"2023-06-27T07:54:45","date_gmt":"2023-06-27T12:54:45","guid":{"rendered":"http:\/\/diariodigitalmx.com\/?p=100708"},"modified":"2023-06-27T07:55:22","modified_gmt":"2023-06-27T12:55:22","slug":"adios-a-los-muchachos","status":"publish","type":"post","link":"https:\/\/diariodigitalmx.com\/index.php\/2023\/06\/27\/adios-a-los-muchachos\/","title":{"rendered":"Adi\u00f3s a los muchachos"},"content":{"rendered":"\n<p>Gerson G\u00f3mez <\/p>\n\n\n\n<p>Pasaron de la educaci\u00f3n inicial a la secundaria. No hubo graduaci\u00f3n. Les llamaron los ni\u00f1os de la pandemia. Los primeros a\u00f1os escondidos. En sus hogares. Poco, en el decir, de nada, el aprendizaje de qu\u00e9date en casa. Ni la Secretar\u00eda de Educaci\u00f3n Federal mucho menos la estatal estuvo preparado para la magnitud del suceso. Improvisaron horas de jornadas matutinas, vespertinas y hasta nocturnas. Todo con tal de reforzar el conocimiento. Complementaron las experiencias con videos eternos. Sin sentido. Toda esa generaci\u00f3n de aspirantes a bachilleres carece de las habilidades cient\u00edficas y de formaci\u00f3n. Apenas les dieron repaso o pagaron por asesor\u00edas. Las gu\u00edas para el desastre no racional. Aprender a cuentagotas. A marchas forzadas. Los temas y casi hasta las respuestas est\u00e1n calcados a las oficiales de la UANL. Negocios sin resultados no deja buenos dividendos. Es la ley de la oferta y la demanda. En ciclo de la primaria y la secundaria, por \u00f3rdenes del gobierno del estado, est\u00e1 por concluir. Carece de sentido mantenerlos en sumisi\u00f3n. Para cumplir con la obligaci\u00f3n de los 200 d\u00edas efectivos. La llegada del verano, la can\u00edcula y las olas de calor, en edificios vandalizados, donde los vecinos saben qui\u00e9nes son los sustractores del cableado, las computadoras y hasta los aparatos de clima artificial. Adi\u00f3s a los ni\u00f1os de la di\u00e1spora. Hola a los j\u00f3venes del no hay ma\u00f1ana. El futuro fue ayer. Hoy solo nos toca recoger los fragmentos de un mundo, de un pa\u00eds, de un estado, en llamas.<br>sonico2@hotmail.com<\/p>\n","protected":false},"excerpt":{"rendered":"<p>Gerson G\u00f3mez Pasaron de la educaci\u00f3n inicial a la secundaria. No hubo graduaci\u00f3n. Les llamaron los ni\u00f1os de la pandemia. Los primeros a\u00f1os escondidos. En sus hogares. Poco, en el decir, de nada, el aprendizaje de qu\u00e9date en casa. Ni la Secretar\u00eda de Educaci\u00f3n Federal mucho menos la estatal estuvo preparado para la magnitud del [&hellip;]<\/p>\n","protected":false},"author":1,"featured_media":100710,"comment_status":"open","ping_status":"open","sticky":true,"template":"","format":"standard","meta":{"footnotes":""},"categories":[12,5],"tags":[],"_links":{"self":[{"href":"https:\/\/diariodigitalmx.com\/index.php\/wp-json\/wp\/v2\/posts\/100708"}],"collection":[{"href":"https:\/\/diariodigitalmx.com\/index.php\/wp-json\/wp\/v2\/posts"}],"about":[{"href":"https:\/\/diariodigitalmx.com\/index.php\/wp-json\/wp\/v2\/types\/post"}],"author":[{"embeddable":true,"href":"https:\/\/diariodigitalmx.com\/index.php\/wp-json\/wp\/v2\/users\/1"}],"replies":[{"embeddable":true,"href":"https:\/\/diariodigitalmx.com\/index.php\/wp-json\/wp\/v2\/comments?post=100708"}],"version-history":[{"count":1,"href":"https:\/\/diariodigitalmx.com\/index.php\/wp-json\/wp\/v2\/posts\/100708\/revisions"}],"predecessor-version":[{"id":100709,"href":"https:\/\/diariodigitalmx.com\/index.php\/wp-json\/wp\/v2\/posts\/100708\/revisions\/100709"}],"wp:featuredmedia":[{"embeddable":true,"href":"https:\/\/diariodigitalmx.com\/index.php\/wp-json\/wp\/v2\/media\/100710"}],"wp:attachment":[{"href":"https:\/\/diariodigitalmx.com\/index.php\/wp-json\/wp\/v2\/media?parent=100708"}],"wp:term":[{"taxonomy":"category","embeddable":true,"href":"https:\/\/diariodigitalmx.com\/index.php\/wp-json\/wp\/v2\/categories?post=100708"},{"taxonomy":"post_tag","embeddable":true,"href":"https:\/\/diariodigitalmx.com\/index.php\/wp-json\/wp\/v2\/tags?post=100708"}],"curies":[{"name":"wp","href":"https:\/\/api.w.org\/{rel}","templated":true}]}}