{"id":100714,"date":"2023-06-27T09:35:23","date_gmt":"2023-06-27T14:35:23","guid":{"rendered":"http:\/\/diariodigitalmx.com\/?p=100714"},"modified":"2023-06-27T09:36:32","modified_gmt":"2023-06-27T14:36:32","slug":"apenas-tiene-15-anos-pero-ya-anda-en-malos-pasos-y-armado","status":"publish","type":"post","link":"https:\/\/diariodigitalmx.com\/index.php\/2023\/06\/27\/apenas-tiene-15-anos-pero-ya-anda-en-malos-pasos-y-armado\/","title":{"rendered":"Apenas tiene 15 a\u00f1os pero ya anda en malos pasos y armado"},"content":{"rendered":"\n<p>*Es investigado por robos en la zona norte de Monterrey<br>Un menor de edad quien presuntamente amenaz\u00f3 con un arma de fuego a oficiales de Investigaci\u00f3n de la Polic\u00eda de Monterrey, fue detenido tras una persecuci\u00f3n en la colonia Unidad Pedreras Fomerrey 106.<br>El menor fue identificado como Diego Armando, de 15 a\u00f1os de edad, quien fue detenido en Camino Real y calle Dracon, a las 22:55 horas.<br>Elementos de la Polic\u00eda de Investigaci\u00f3n de Monterrey circulaban por el sector antes mencionado, cuando observan a un joven de forma sospechosa, por lo que detienen la marcha de la patrulla.<br>Posteriormente al detenerse observan al presunto que saca un arma de fuego y comienza a amenazarlos, por lo que le piden que baje la pistola.<\/p>\n\n\n\n<figure class=\"wp-block-image size-full\"><img loading=\"lazy\" decoding=\"async\" width=\"731\" height=\"645\" src=\"http:\/\/diariodigitalmx.com\/wp-content\/uploads\/2023\/06\/IMG-20230627-WA0003.jpg\" alt=\"\" class=\"wp-image-100717\" srcset=\"https:\/\/diariodigitalmx.com\/wp-content\/uploads\/2023\/06\/IMG-20230627-WA0003.jpg 731w, https:\/\/diariodigitalmx.com\/wp-content\/uploads\/2023\/06\/IMG-20230627-WA0003-300x265.jpg 300w\" sizes=\"(max-width: 731px) 100vw, 731px\" \/><\/figure>\n\n\n\n<p>Ante esto, el menor corre por la calle Dracon realiz\u00e1ndose una persecuci\u00f3n, logrando detenerlo metros m\u00e1s adelante.<br>Tras realizarle una revisi\u00f3n, se le encuentra a la altura de la cintura un arma de fuego tipo escuadra, por lo cual qued\u00f3 detenido.<br>Se inform\u00f3 que al presunto se le investiga por varios robos en la zona norte de la ciudad.<br>Diego Armando fue trasladado a las instalaciones de la Polic\u00eda de Monterrey, donde qued\u00f3 a disposici\u00f3n del Ministerio P\u00fablico.<\/p>\n","protected":false},"excerpt":{"rendered":"<p>*Es investigado por robos en la zona norte de MonterreyUn menor de edad quien presuntamente amenaz\u00f3 con un arma de fuego a oficiales de Investigaci\u00f3n de la Polic\u00eda de Monterrey, fue detenido tras una persecuci\u00f3n en la colonia Unidad Pedreras Fomerrey 106.El menor fue identificado como Diego Armando, de 15 a\u00f1os de edad, quien fue [&hellip;]<\/p>\n","protected":false},"author":1,"featured_media":100716,"comment_status":"open","ping_status":"open","sticky":true,"template":"","format":"standard","meta":{"footnotes":""},"categories":[5,7],"tags":[],"_links":{"self":[{"href":"https:\/\/diariodigitalmx.com\/index.php\/wp-json\/wp\/v2\/posts\/100714"}],"collection":[{"href":"https:\/\/diariodigitalmx.com\/index.php\/wp-json\/wp\/v2\/posts"}],"about":[{"href":"https:\/\/diariodigitalmx.com\/index.php\/wp-json\/wp\/v2\/types\/post"}],"author":[{"embeddable":true,"href":"https:\/\/diariodigitalmx.com\/index.php\/wp-json\/wp\/v2\/users\/1"}],"replies":[{"embeddable":true,"href":"https:\/\/diariodigitalmx.com\/index.php\/wp-json\/wp\/v2\/comments?post=100714"}],"version-history":[{"count":2,"href":"https:\/\/diariodigitalmx.com\/index.php\/wp-json\/wp\/v2\/posts\/100714\/revisions"}],"predecessor-version":[{"id":100718,"href":"https:\/\/diariodigitalmx.com\/index.php\/wp-json\/wp\/v2\/posts\/100714\/revisions\/100718"}],"wp:featuredmedia":[{"embeddable":true,"href":"https:\/\/diariodigitalmx.com\/index.php\/wp-json\/wp\/v2\/media\/100716"}],"wp:attachment":[{"href":"https:\/\/diariodigitalmx.com\/index.php\/wp-json\/wp\/v2\/media?parent=100714"}],"wp:term":[{"taxonomy":"category","embeddable":true,"href":"https:\/\/diariodigitalmx.com\/index.php\/wp-json\/wp\/v2\/categories?post=100714"},{"taxonomy":"post_tag","embeddable":true,"href":"https:\/\/diariodigitalmx.com\/index.php\/wp-json\/wp\/v2\/tags?post=100714"}],"curies":[{"name":"wp","href":"https:\/\/api.w.org\/{rel}","templated":true}]}}