{"id":100748,"date":"2023-06-27T19:56:16","date_gmt":"2023-06-28T00:56:16","guid":{"rendered":"http:\/\/diariodigitalmx.com\/?p=100748"},"modified":"2023-06-27T19:56:51","modified_gmt":"2023-06-28T00:56:51","slug":"en-riesgo-la-joya-de-la-corona","status":"publish","type":"post","link":"https:\/\/diariodigitalmx.com\/index.php\/2023\/06\/27\/en-riesgo-la-joya-de-la-corona\/","title":{"rendered":"En riesgo, \u201cLa Joya de la Corona\u201d"},"content":{"rendered":"\n<p>Por Salvador Hern\u00e1ndez <strong><em>LANDEROS<\/em><\/strong><\/p>\n\n\n\n<p>Ahora s\u00ed, como nunca, \u201c<strong><em>La Joya de la Corona<\/em><\/strong>\u201d, ubicada en San Pedro Garza Garc\u00eda, <strong><em>est\u00e1 en riesgo de perderla el PAN en el pr\u00f3ximo proceso electoral<\/em><\/strong>.<\/p>\n\n\n\n<p>Quienes dicen que est\u00e1 perdida desde la llegada a la alcald\u00eda <strong><em>del panista disfrazado <\/em><\/strong>de \u201c<strong><em>Independiente<\/em><\/strong>\u201d, Miguel Trevi\u00f1o de Hoyos, <strong><em>no tienen ni idea<\/em><\/strong>.<\/p>\n\n\n\n<p>Vamos por el principio. \u201c<strong><em>La Joya de la Corona<\/em><\/strong>\u201d <strong><em>naci\u00f3 como una \u201cmafufada\u201d period\u00edstica para \u201cdistinguir\u201d ese municipio del resto de los otros panistas<\/em><\/strong>.<\/p>\n\n\n\n<p>Fue algo as\u00ed como la obra de Pedro de Urdimalas, \u201c<strong><em>Nosotros los pobres, ustedes los ricos<\/em><\/strong>\u201d, solo que, al rev\u00e9s, \u201c<strong><em>Nosotros los ricos, ustedes los pobres<\/em><\/strong>\u201d.<\/p>\n\n\n\n<p>En San Pedro se cre\u00f3 la \u201cc\u00fapula panista\u201d que dirig\u00eda al Partido Acci\u00f3n Nacional, que al paso de los a\u00f1os <strong><em>se contamin\u00f3 de corrupci\u00f3n con la ola \u201cneo panista<\/em><\/strong>\u201d.<\/p>\n\n\n\n<p>Miguel Trevi\u00f1o, como \u201c<strong><em>hijo de papi<\/em><\/strong>\u201d, ansiaba la alcald\u00eda y no se la dieron. Se hizo a un lado y sigui\u00f3 a su mentor <strong><em>Fernando Elizondo y apuntalaron a MC<\/em><\/strong>.<\/p>\n\n\n\n<p>En el 2015, ante el arrastre de otro resentido del PRI, Jaime Rodr\u00edguez, \u201cEl Bronco\u201d, <strong><em>declinaron a su favor y con ello no permitieron el triunfo del PRI<\/em><\/strong>.<\/p>\n\n\n\n<p>Antes del a\u00f1o, por actos de corrupci\u00f3n de la administraci\u00f3n \u201cIndependiente\u201d la abandonaron y se quedaron en el limbo, <strong><em>o como \u201csin Juan y sin las gallinas<\/em><\/strong>\u201d.<\/p>\n\n\n\n<p>En el proceso del 2018, los Independientes fueron <strong><em>Miguel Trevi\u00f1o y Fernando Elizondo Ortiz y Rebeca Clouthier por el PAN, no impuesta por la c\u00fapula<\/em><\/strong>.<\/p>\n\n\n\n<p>En la elecci\u00f3n del 2021, el candidato del PAN fue Mauricio Fern\u00e1ndez, quien con problemas de salud fue <strong><em>\u201cvencido\u201d por el reelecto independiente Trevi\u00f1o.<\/em><\/strong><\/p>\n\n\n\n<p>Por ello, ahora en el PAN, su candidato a alcalde \u201c<strong><em>va a salir de una consulta ciudadana y no de un mecanismo cerrado como hist\u00f3ricamente se hac\u00eda<\/em><\/strong>\u201d<\/p>\n\n\n\n<p><strong><em>Hoy el panorama es complicado. Miguel Trevi\u00f1o carga un costal repleto de impopularidad. Y Samuel Garc\u00eda, quiere para MC, \u201cLa Joya de la Corona<\/em><\/strong>\u201d.<\/p>\n\n\n\n<p><a href=\"mailto:chavalolanderos@yahoo.com.mx\">chavalolanderos@yahoo.com.mx<\/a><\/p>\n","protected":false},"excerpt":{"rendered":"<p>Por Salvador Hern\u00e1ndez LANDEROS Ahora s\u00ed, como nunca, \u201cLa Joya de la Corona\u201d, ubicada en San Pedro Garza Garc\u00eda, est\u00e1 en riesgo de perderla el PAN en el pr\u00f3ximo proceso electoral. Quienes dicen que est\u00e1 perdida desde la llegada a la alcald\u00eda del panista disfrazado de \u201cIndependiente\u201d, Miguel Trevi\u00f1o de Hoyos, no tienen ni idea. [&hellip;]<\/p>\n","protected":false},"author":1,"featured_media":100615,"comment_status":"open","ping_status":"open","sticky":true,"template":"","format":"standard","meta":{"footnotes":""},"categories":[12,5],"tags":[],"_links":{"self":[{"href":"https:\/\/diariodigitalmx.com\/index.php\/wp-json\/wp\/v2\/posts\/100748"}],"collection":[{"href":"https:\/\/diariodigitalmx.com\/index.php\/wp-json\/wp\/v2\/posts"}],"about":[{"href":"https:\/\/diariodigitalmx.com\/index.php\/wp-json\/wp\/v2\/types\/post"}],"author":[{"embeddable":true,"href":"https:\/\/diariodigitalmx.com\/index.php\/wp-json\/wp\/v2\/users\/1"}],"replies":[{"embeddable":true,"href":"https:\/\/diariodigitalmx.com\/index.php\/wp-json\/wp\/v2\/comments?post=100748"}],"version-history":[{"count":1,"href":"https:\/\/diariodigitalmx.com\/index.php\/wp-json\/wp\/v2\/posts\/100748\/revisions"}],"predecessor-version":[{"id":100749,"href":"https:\/\/diariodigitalmx.com\/index.php\/wp-json\/wp\/v2\/posts\/100748\/revisions\/100749"}],"wp:featuredmedia":[{"embeddable":true,"href":"https:\/\/diariodigitalmx.com\/index.php\/wp-json\/wp\/v2\/media\/100615"}],"wp:attachment":[{"href":"https:\/\/diariodigitalmx.com\/index.php\/wp-json\/wp\/v2\/media?parent=100748"}],"wp:term":[{"taxonomy":"category","embeddable":true,"href":"https:\/\/diariodigitalmx.com\/index.php\/wp-json\/wp\/v2\/categories?post=100748"},{"taxonomy":"post_tag","embeddable":true,"href":"https:\/\/diariodigitalmx.com\/index.php\/wp-json\/wp\/v2\/tags?post=100748"}],"curies":[{"name":"wp","href":"https:\/\/api.w.org\/{rel}","templated":true}]}}