{"id":100778,"date":"2023-06-28T14:49:45","date_gmt":"2023-06-28T19:49:45","guid":{"rendered":"http:\/\/diariodigitalmx.com\/?p=100778"},"modified":"2023-06-28T14:50:52","modified_gmt":"2023-06-28T19:50:52","slug":"por-golpe-de-calor-han-muerto-36-irresponsable-dar-cifras-no-oficiales","status":"publish","type":"post","link":"https:\/\/diariodigitalmx.com\/index.php\/2023\/06\/28\/por-golpe-de-calor-han-muerto-36-irresponsable-dar-cifras-no-oficiales\/","title":{"rendered":"Por Golpe de Calor han muerto 36; irresponsable dar cifras no oficiales"},"content":{"rendered":"\n<p>Monterrey. &#8211; La Secretar\u00eda de Salud<br>acept\u00f3 que han muerto 36 personas por golpe de calor.<\/p>\n\n\n\n<p>Alma Rosa Marroqu\u00edn, titular de la dependencia dijo que tiene el registro de 25 hombres y 11 mujeres que fallecieron por la onda de calor.<\/p>\n\n\n\n<p>La funcionaria agreg\u00f3 que las personas fallecidas ten\u00edan comorbilidades como<br>hipertensi\u00f3n, diabetes, enfermedades renales, cirrosis y enfermedades pulmonares.<\/p>\n\n\n\n<p>Adem\u00e1s, hay 245 casos reportados de deshidrataci\u00f3n y 406 de pacientes que tuvieron golpe de calor.<\/p>\n\n\n\n<figure class=\"wp-block-image size-large\"><img loading=\"lazy\" decoding=\"async\" width=\"1024\" height=\"609\" src=\"http:\/\/diariodigitalmx.com\/wp-content\/uploads\/2023\/06\/IMG-20230628-WA0089-1024x609.jpg\" alt=\"\" class=\"wp-image-100781\" srcset=\"https:\/\/diariodigitalmx.com\/wp-content\/uploads\/2023\/06\/IMG-20230628-WA0089-1024x609.jpg 1024w, https:\/\/diariodigitalmx.com\/wp-content\/uploads\/2023\/06\/IMG-20230628-WA0089-300x178.jpg 300w, https:\/\/diariodigitalmx.com\/wp-content\/uploads\/2023\/06\/IMG-20230628-WA0089-768x456.jpg 768w, https:\/\/diariodigitalmx.com\/wp-content\/uploads\/2023\/06\/IMG-20230628-WA0089.jpg 1410w\" sizes=\"(max-width: 1024px) 100vw, 1024px\" \/><\/figure>\n\n\n\n<p>Las estad\u00edsticas son de entre el 14 al 27 de junio, y el 20 de este mes fue el d\u00eda con mayor n\u00famero de defunciones con 11.<\/p>\n\n\n\n<p>Apenas la semana pasada, Marroqu\u00edn hab\u00eda se\u00f1alado que se esperaba la autopsia de 11 personas fallecidas y que pudieran ser v\u00edctimas de la onda de calor.<\/p>\n\n\n\n<p>Despu\u00e9s de ello, se desat\u00f3 una serie de especulaciones que indicaban que los fallecidos por esa causa superaban las 200 personas.<\/p>\n\n\n\n<p>Inclusive, el vicefiscal Luis Enrique Orozco confirm\u00f3 que las instalaciones del Semefo estaban rebasadas con el n\u00famero de cad\u00e1veres en espera de la autopsia.<\/p>\n\n\n\n<p>&#8220;En la semana inmediata anterior, es decir la que concluy\u00f3 este fin de semana, se registr\u00f3 un ingreso de 250 cad\u00e1veres para ser objeto de necropsia y la semana previa a esta se ingresaron 130 cad\u00e1veres&#8221;, inform\u00f3 el Vicefiscal Luis Enrique Orozco esta misma semana.<\/p>\n\n\n\n<p>El Semefo recibe por semana 80 cad\u00e1veres pero ahora fue saturado.<\/p>\n\n\n\n<p>Despu\u00e9s, el martes Miguel Gallardo, Jefe de Atenci\u00f3n al Usuario,<br>declar\u00f3: \u201cDe dos semanas para ac\u00e1 hay una estad\u00edstica de 850 defunciones por golpe de calor a partir de dos semanas hasta el viernes pasado\u201d.<br>\u201cEl m\u00e9dico determina la causa de la muerte, donde se registra que es por golpe de calor\u201d, a\u00f1adi\u00f3 y agreg\u00f3 que en el certificado de defunci\u00f3n se especifica que murieron por golpe de calor.<\/p>\n\n\n\n<p>Enseguida el director del Registro Civil, Abelardo Garc\u00eda sali\u00f3 a declarar y rechazar la versi\u00f3n del empleado.<br>&#8220;Se niega categ\u00f3ricamente y muy respetuosamente esta declaraci\u00f3n, que fue muy desafortunada, y qu\u00e9 bueno, se est\u00e1 viendo cu\u00e1l va a ser la consecuencia en este caso, administrativa, para este funcionario que indebidamente se tom\u00f3 esa atribuci\u00f3n que no le corresponde&#8221;.<\/p>\n\n\n\n<p>Alma Rosa Marroqu\u00edn calific\u00f3 la serie de declaraciones dadas en torno a n\u00famero de muertos como irresponsables, pues solamente corresponde a las autoridades de salud emitir informe oficial.<\/p>\n\n\n\n<p>La Secretaria de Salud dio algunas recomendaciones y medidas a tomar para reconocer un golpe de calor, el cual ocurre cuando el organismo supera los 40 grados y desde los 39 grados ya da se\u00f1al de este padecimiento.<\/p>\n\n\n\n<p>Asimismo, se han establecido m\u00e1s de 200 puntos de hidrataci\u00f3n en diverso sectores de la zona metropolitana, incluyendo el transporte urbano y paradas camioneras, as\u00ed como estaciones del Metro.<\/p>\n","protected":false},"excerpt":{"rendered":"<p>Monterrey. &#8211; La Secretar\u00eda de Saludacept\u00f3 que han muerto 36 personas por golpe de calor. Alma Rosa Marroqu\u00edn, titular de la dependencia dijo que tiene el registro de 25 hombres y 11 mujeres que fallecieron por la onda de calor. La funcionaria agreg\u00f3 que las personas fallecidas ten\u00edan comorbilidades comohipertensi\u00f3n, diabetes, enfermedades renales, cirrosis y [&hellip;]<\/p>\n","protected":false},"author":1,"featured_media":100780,"comment_status":"open","ping_status":"open","sticky":true,"template":"","format":"standard","meta":{"footnotes":""},"categories":[6,3],"tags":[],"_links":{"self":[{"href":"https:\/\/diariodigitalmx.com\/index.php\/wp-json\/wp\/v2\/posts\/100778"}],"collection":[{"href":"https:\/\/diariodigitalmx.com\/index.php\/wp-json\/wp\/v2\/posts"}],"about":[{"href":"https:\/\/diariodigitalmx.com\/index.php\/wp-json\/wp\/v2\/types\/post"}],"author":[{"embeddable":true,"href":"https:\/\/diariodigitalmx.com\/index.php\/wp-json\/wp\/v2\/users\/1"}],"replies":[{"embeddable":true,"href":"https:\/\/diariodigitalmx.com\/index.php\/wp-json\/wp\/v2\/comments?post=100778"}],"version-history":[{"count":2,"href":"https:\/\/diariodigitalmx.com\/index.php\/wp-json\/wp\/v2\/posts\/100778\/revisions"}],"predecessor-version":[{"id":100782,"href":"https:\/\/diariodigitalmx.com\/index.php\/wp-json\/wp\/v2\/posts\/100778\/revisions\/100782"}],"wp:featuredmedia":[{"embeddable":true,"href":"https:\/\/diariodigitalmx.com\/index.php\/wp-json\/wp\/v2\/media\/100780"}],"wp:attachment":[{"href":"https:\/\/diariodigitalmx.com\/index.php\/wp-json\/wp\/v2\/media?parent=100778"}],"wp:term":[{"taxonomy":"category","embeddable":true,"href":"https:\/\/diariodigitalmx.com\/index.php\/wp-json\/wp\/v2\/categories?post=100778"},{"taxonomy":"post_tag","embeddable":true,"href":"https:\/\/diariodigitalmx.com\/index.php\/wp-json\/wp\/v2\/tags?post=100778"}],"curies":[{"name":"wp","href":"https:\/\/api.w.org\/{rel}","templated":true}]}}