{"id":100805,"date":"2023-06-28T18:12:58","date_gmt":"2023-06-28T23:12:58","guid":{"rendered":"http:\/\/diariodigitalmx.com\/?p=100805"},"modified":"2023-06-28T18:14:28","modified_gmt":"2023-06-28T23:14:28","slug":"murio-talina-fernandez-la-dama-del-buen-decir","status":"publish","type":"post","link":"https:\/\/diariodigitalmx.com\/index.php\/2023\/06\/28\/murio-talina-fernandez-la-dama-del-buen-decir\/","title":{"rendered":"Muri\u00f3 Talina Fern\u00e1ndez, la Dama del Buen Decir"},"content":{"rendered":"\n<p>A los 78 a\u00f1os tras ser hospitalizada de emergencia muri\u00f3 la periodista y conductora Talina Fern\u00e1ndez.<\/p>\n\n\n\n<p>Catalina Mar\u00eda del Sagrado Coraz\u00f3n Fern\u00e1ndez, el nombre completo de la periodista, muri\u00f3 en un hospital de la Alcald\u00eda Miguel Hidalgo, en la Ciudad de M\u00e9xico.<\/p>\n\n\n\n<p>Al momento de su muerte la tarde de este mi\u00e9rcoles se desconoc\u00edan<br>las causas de su fallecimiento pero<br>podr\u00eda haber fallecido de una leucemia, que le fue detectada de manera tard\u00eda, por lo que no pudo recibir el tratamiento apropiado.<\/p>\n\n\n\n<figure class=\"wp-block-image size-full\"><img loading=\"lazy\" decoding=\"async\" width=\"717\" height=\"515\" src=\"http:\/\/diariodigitalmx.com\/wp-content\/uploads\/2023\/06\/IMG_20230628_171154_879.webp\" alt=\"\" class=\"wp-image-100808\" srcset=\"https:\/\/diariodigitalmx.com\/wp-content\/uploads\/2023\/06\/IMG_20230628_171154_879.webp 717w, https:\/\/diariodigitalmx.com\/wp-content\/uploads\/2023\/06\/IMG_20230628_171154_879-300x215.webp 300w\" sizes=\"(max-width: 717px) 100vw, 717px\" \/><\/figure>\n\n\n\n<p>Previamente su hijo Coco Levy hab\u00eda dado a conocer que se encontraba hospitalizada de emergencia.<\/p>\n\n\n\n<p>&#8220;Talina Fern\u00e1ndez estaba viviendo sus \u00faltimos momentos de vida, tiene una leucemia, est\u00e1 inconsciente. Estaba hospitalizada de urgencia y Coco, su hijo, la reportaba como los \u00faltimos minutos&#8221;, abundaron en el programa De Primera Mano.<\/p>\n","protected":false},"excerpt":{"rendered":"<p>A los 78 a\u00f1os tras ser hospitalizada de emergencia muri\u00f3 la periodista y conductora Talina Fern\u00e1ndez. Catalina Mar\u00eda del Sagrado Coraz\u00f3n Fern\u00e1ndez, el nombre completo de la periodista, muri\u00f3 en un hospital de la Alcald\u00eda Miguel Hidalgo, en la Ciudad de M\u00e9xico. Al momento de su muerte la tarde de este mi\u00e9rcoles se desconoc\u00edanlas causas [&hellip;]<\/p>\n","protected":false},"author":1,"featured_media":100807,"comment_status":"open","ping_status":"open","sticky":true,"template":"","format":"standard","meta":{"footnotes":""},"categories":[9,3],"tags":[],"_links":{"self":[{"href":"https:\/\/diariodigitalmx.com\/index.php\/wp-json\/wp\/v2\/posts\/100805"}],"collection":[{"href":"https:\/\/diariodigitalmx.com\/index.php\/wp-json\/wp\/v2\/posts"}],"about":[{"href":"https:\/\/diariodigitalmx.com\/index.php\/wp-json\/wp\/v2\/types\/post"}],"author":[{"embeddable":true,"href":"https:\/\/diariodigitalmx.com\/index.php\/wp-json\/wp\/v2\/users\/1"}],"replies":[{"embeddable":true,"href":"https:\/\/diariodigitalmx.com\/index.php\/wp-json\/wp\/v2\/comments?post=100805"}],"version-history":[{"count":2,"href":"https:\/\/diariodigitalmx.com\/index.php\/wp-json\/wp\/v2\/posts\/100805\/revisions"}],"predecessor-version":[{"id":100809,"href":"https:\/\/diariodigitalmx.com\/index.php\/wp-json\/wp\/v2\/posts\/100805\/revisions\/100809"}],"wp:featuredmedia":[{"embeddable":true,"href":"https:\/\/diariodigitalmx.com\/index.php\/wp-json\/wp\/v2\/media\/100807"}],"wp:attachment":[{"href":"https:\/\/diariodigitalmx.com\/index.php\/wp-json\/wp\/v2\/media?parent=100805"}],"wp:term":[{"taxonomy":"category","embeddable":true,"href":"https:\/\/diariodigitalmx.com\/index.php\/wp-json\/wp\/v2\/categories?post=100805"},{"taxonomy":"post_tag","embeddable":true,"href":"https:\/\/diariodigitalmx.com\/index.php\/wp-json\/wp\/v2\/tags?post=100805"}],"curies":[{"name":"wp","href":"https:\/\/api.w.org\/{rel}","templated":true}]}}