{"id":100810,"date":"2023-06-28T18:47:38","date_gmt":"2023-06-28T23:47:38","guid":{"rendered":"http:\/\/diariodigitalmx.com\/?p=100810"},"modified":"2023-06-28T18:48:16","modified_gmt":"2023-06-28T23:48:16","slug":"madonna-hospitalizada","status":"publish","type":"post","link":"https:\/\/diariodigitalmx.com\/index.php\/2023\/06\/28\/madonna-hospitalizada\/","title":{"rendered":"Madonna hospitalizada"},"content":{"rendered":"\n<p>Madonna ha sido intubada de emergencia debido a la falta de signos vitales, y tras pasar una noche en hospital fue extubada, inform\u00f3 el medio internacional Page Six.<br>El parte m\u00e9dico indica que se encuentra en proceso de recuperaci\u00f3n y se mantiene consciente y alerta.<\/p>\n\n\n\n<p>La estrella del pop hab\u00eda sido trasladada a una unidad de urgencias en un hospital de Nueva York.<\/p>\n\n\n\n<p>QU\u00c9 LE PAS\u00d3?<\/p>\n\n\n\n<p>Guy Oseary representante de la ic\u00f3nica cantante y actriz se\u00f1al\u00f3 que el domingo 24 de junio, Madonna experiment\u00f3 un severo cuadro de infecci\u00f3n bacteriana que la llev\u00f3 a ser ingresada en la unidad de urgencias durante un d\u00eda.<\/p>\n\n\n\n<p>Aunque su salud est\u00e1 mejorando, sigue bajo cuidado m\u00e9dico y se espera una recuperaci\u00f3n completa. Sin embargo, debido a esta situaci\u00f3n, se ver\u00e1n afectados todos sus compromisos, incluyendo su pr\u00f3xima gira.<\/p>\n","protected":false},"excerpt":{"rendered":"<p>Madonna ha sido intubada de emergencia debido a la falta de signos vitales, y tras pasar una noche en hospital fue extubada, inform\u00f3 el medio internacional Page Six.El parte m\u00e9dico indica que se encuentra en proceso de recuperaci\u00f3n y se mantiene consciente y alerta. La estrella del pop hab\u00eda sido trasladada a una unidad de [&hellip;]<\/p>\n","protected":false},"author":1,"featured_media":100812,"comment_status":"open","ping_status":"open","sticky":true,"template":"","format":"standard","meta":{"footnotes":""},"categories":[14,9],"tags":[],"_links":{"self":[{"href":"https:\/\/diariodigitalmx.com\/index.php\/wp-json\/wp\/v2\/posts\/100810"}],"collection":[{"href":"https:\/\/diariodigitalmx.com\/index.php\/wp-json\/wp\/v2\/posts"}],"about":[{"href":"https:\/\/diariodigitalmx.com\/index.php\/wp-json\/wp\/v2\/types\/post"}],"author":[{"embeddable":true,"href":"https:\/\/diariodigitalmx.com\/index.php\/wp-json\/wp\/v2\/users\/1"}],"replies":[{"embeddable":true,"href":"https:\/\/diariodigitalmx.com\/index.php\/wp-json\/wp\/v2\/comments?post=100810"}],"version-history":[{"count":1,"href":"https:\/\/diariodigitalmx.com\/index.php\/wp-json\/wp\/v2\/posts\/100810\/revisions"}],"predecessor-version":[{"id":100811,"href":"https:\/\/diariodigitalmx.com\/index.php\/wp-json\/wp\/v2\/posts\/100810\/revisions\/100811"}],"wp:featuredmedia":[{"embeddable":true,"href":"https:\/\/diariodigitalmx.com\/index.php\/wp-json\/wp\/v2\/media\/100812"}],"wp:attachment":[{"href":"https:\/\/diariodigitalmx.com\/index.php\/wp-json\/wp\/v2\/media?parent=100810"}],"wp:term":[{"taxonomy":"category","embeddable":true,"href":"https:\/\/diariodigitalmx.com\/index.php\/wp-json\/wp\/v2\/categories?post=100810"},{"taxonomy":"post_tag","embeddable":true,"href":"https:\/\/diariodigitalmx.com\/index.php\/wp-json\/wp\/v2\/tags?post=100810"}],"curies":[{"name":"wp","href":"https:\/\/api.w.org\/{rel}","templated":true}]}}