{"id":100813,"date":"2023-06-28T20:46:40","date_gmt":"2023-06-29T01:46:40","guid":{"rendered":"http:\/\/diariodigitalmx.com\/?p=100813"},"modified":"2023-06-28T20:53:58","modified_gmt":"2023-06-29T01:53:58","slug":"huele-a-traicion-san-pedro","status":"publish","type":"post","link":"https:\/\/diariodigitalmx.com\/index.php\/2023\/06\/28\/huele-a-traicion-san-pedro\/","title":{"rendered":"\u201cHuele a traici\u00f3n\u201d San Pedro"},"content":{"rendered":"\n<p>Por Salvador Hern\u00e1ndez <strong><em>LANDEROS<\/em><\/strong><\/p>\n\n\n\n<p>Aludiendo a vox populi en eso de que \u201c<strong><em>mi pecho no es bodega, ni almac\u00e9n de cosas feas<\/em><\/strong>\u201d, compartiremos las que se podr\u00edan dar por \u201c<strong><em>La Joya de la Corona<\/em><\/strong>\u201d.<\/p>\n\n\n\n<p>Suenan truculentas, pero con la pol\u00edtica actual, principalmente en la nueva y no en la vieja, todo se puede dar y esperar. \u00bfEjemplos? <strong><em>Santa Catarina y Allende<\/em><\/strong>.<\/p>\n\n\n\n<p>Les dec\u00edamos que la alcald\u00eda de San Pedro Garza Garc\u00eda, la trae el gobernador Samuel Garc\u00eda entre ceja y ceja. Recurrir\u00eda a todo <strong><em>con tal de lograrla para MC<\/em><\/strong>.<\/p>\n\n\n\n<p>Por eso, en la c\u00fapula sanpetrina, que encabeza Mauricio Fern\u00e1ndez, est\u00e1 en proceso el sistema de selecci\u00f3n <strong><em>de un candidato con consulta a la ciudadan\u00eda<\/em><\/strong>.<\/p>\n\n\n\n<p>Los foros tem\u00e1ticos ser\u00e1n coordinados por, Luis Susarrey, Homero Ni\u00f1o de Rivera, Alejandra Sada. Manuel Madero, Fernando Margain y Marcial Herrera.<\/p>\n\n\n\n<p>No quieren sorpresas. <strong><em>Saben c\u00f3mo se las gasta Samuel. Ya le hizo una al PAN en Santa Catarina, con el alcalde Jes\u00fas Nava, a quien literalmente compr\u00f3.<\/em><\/strong><\/p>\n\n\n\n<p>Al PRI tambi\u00e9n le quit\u00f3 a la alcaldesa de Allende, Patricia Salazar, a quien le abri\u00f3 \u201c<strong><em>la chequera oficial\u201d, otorg\u00e1ndole, por las buenas, 25 millones de pesos.<\/em><\/strong><\/p>\n\n\n\n<p>\u201c<strong><em>La Joya de la Corona\u201d debe tener un valor econ\u00f3mico superior a los municipios de Santa Catarina y Allende, llevando como IVA una senadur\u00eda<\/em><\/strong>.<\/p>\n\n\n\n<p>Los de la c\u00fapula sanpetrina no pasan por alto que <strong><em>Miguel Trevi\u00f1o tiene una relaci\u00f3n pol\u00edtica con el gobernador<\/em><\/strong>, pues en el 2015 militaron juntos en MC.<\/p>\n\n\n\n<p>Est\u00e1n conscientes que el alcalde dej\u00f3 las filas del panismo <strong><em>donde milit\u00f3 junto a su pap\u00e1 Humberto Trevi\u00f1o Landois, figura prominente en el blanquiazul<\/em><\/strong>.<\/p>\n\n\n\n<p>Les preocupa que Miguel Bernardo Trevi\u00f1o de Hoyos <strong><em>sea seducido y traicione su formaci\u00f3n ideol\u00f3gica y valores que le inculcaron desde adolescente.<\/em><\/strong><\/p>\n\n\n\n<p><strong><em>Con Samuel todo es posible. Tambi\u00e9n que el PRI se cuide en Doctor Gonz\u00e1lez<\/em><\/strong>.<\/p>\n\n\n\n<p><a href=\"mailto:chavalolanderos@yahoo.com.mx\">chavalolanderos@yahoo.com.mx<\/a><\/p>\n","protected":false},"excerpt":{"rendered":"<p>Por Salvador Hern\u00e1ndez LANDEROS Aludiendo a vox populi en eso de que \u201cmi pecho no es bodega, ni almac\u00e9n de cosas feas\u201d, compartiremos las que se podr\u00edan dar por \u201cLa Joya de la Corona\u201d. Suenan truculentas, pero con la pol\u00edtica actual, principalmente en la nueva y no en la vieja, todo se puede dar y [&hellip;]<\/p>\n","protected":false},"author":1,"featured_media":100815,"comment_status":"open","ping_status":"open","sticky":true,"template":"","format":"standard","meta":{"footnotes":""},"categories":[14,12],"tags":[],"_links":{"self":[{"href":"https:\/\/diariodigitalmx.com\/index.php\/wp-json\/wp\/v2\/posts\/100813"}],"collection":[{"href":"https:\/\/diariodigitalmx.com\/index.php\/wp-json\/wp\/v2\/posts"}],"about":[{"href":"https:\/\/diariodigitalmx.com\/index.php\/wp-json\/wp\/v2\/types\/post"}],"author":[{"embeddable":true,"href":"https:\/\/diariodigitalmx.com\/index.php\/wp-json\/wp\/v2\/users\/1"}],"replies":[{"embeddable":true,"href":"https:\/\/diariodigitalmx.com\/index.php\/wp-json\/wp\/v2\/comments?post=100813"}],"version-history":[{"count":2,"href":"https:\/\/diariodigitalmx.com\/index.php\/wp-json\/wp\/v2\/posts\/100813\/revisions"}],"predecessor-version":[{"id":100816,"href":"https:\/\/diariodigitalmx.com\/index.php\/wp-json\/wp\/v2\/posts\/100813\/revisions\/100816"}],"wp:featuredmedia":[{"embeddable":true,"href":"https:\/\/diariodigitalmx.com\/index.php\/wp-json\/wp\/v2\/media\/100815"}],"wp:attachment":[{"href":"https:\/\/diariodigitalmx.com\/index.php\/wp-json\/wp\/v2\/media?parent=100813"}],"wp:term":[{"taxonomy":"category","embeddable":true,"href":"https:\/\/diariodigitalmx.com\/index.php\/wp-json\/wp\/v2\/categories?post=100813"},{"taxonomy":"post_tag","embeddable":true,"href":"https:\/\/diariodigitalmx.com\/index.php\/wp-json\/wp\/v2\/tags?post=100813"}],"curies":[{"name":"wp","href":"https:\/\/api.w.org\/{rel}","templated":true}]}}