{"id":100817,"date":"2023-06-28T21:16:58","date_gmt":"2023-06-29T02:16:58","guid":{"rendered":"http:\/\/diariodigitalmx.com\/?p=100817"},"modified":"2023-06-28T21:21:03","modified_gmt":"2023-06-29T02:21:03","slug":"continua-escobedo-con-operativos-de-hidratacion-ante-onda-calida","status":"publish","type":"post","link":"https:\/\/diariodigitalmx.com\/index.php\/2023\/06\/28\/continua-escobedo-con-operativos-de-hidratacion-ante-onda-calida\/","title":{"rendered":"Contin\u00faa Escobedo con operativos de hidrataci\u00f3n ante onda c\u00e1lida"},"content":{"rendered":"\n<figure class=\"wp-block-video\"><video controls src=\"http:\/\/diariodigitalmx.com\/wp-content\/uploads\/2023\/06\/0Q9A9552.mp4\"><\/video><\/figure>\n\n\n\n<p>Ante las altas temperaturas que se siguen registrando, el Municipio de Escobedo contin\u00faa llevando los operativos de hidrataci\u00f3n a las principales calles y avenidas de la Ciudad para ayudar a la poblaci\u00f3n a mitigar el calor.<\/p>\n\n\n\n<p>De forma coordinada, elementos de la Polic\u00eda de Proximidad, Protecci\u00f3n Civil Municipal, Participaci\u00f3n Ciudadana y otras dependencias municipales han recorrido diversos puntos para entregar botellas de agua fresca a transe\u00fantes.<\/p>\n\n\n\n<figure class=\"wp-block-image size-large\"><img loading=\"lazy\" decoding=\"async\" width=\"1024\" height=\"683\" src=\"http:\/\/diariodigitalmx.com\/wp-content\/uploads\/2023\/06\/FOTO-3-1-1024x683.jpg\" alt=\"\" class=\"wp-image-100823\" srcset=\"https:\/\/diariodigitalmx.com\/wp-content\/uploads\/2023\/06\/FOTO-3-1-1024x683.jpg 1024w, https:\/\/diariodigitalmx.com\/wp-content\/uploads\/2023\/06\/FOTO-3-1-300x200.jpg 300w, https:\/\/diariodigitalmx.com\/wp-content\/uploads\/2023\/06\/FOTO-3-1-768x512.jpg 768w, https:\/\/diariodigitalmx.com\/wp-content\/uploads\/2023\/06\/FOTO-3-1-1536x1024.jpg 1536w, https:\/\/diariodigitalmx.com\/wp-content\/uploads\/2023\/06\/FOTO-3-1-2048x1365.jpg 2048w\" sizes=\"(max-width: 1024px) 100vw, 1024px\" \/><\/figure>\n\n\n\n<p>Este operativo de hidrataci\u00f3n est\u00e1 llegando a zonas concurridas como la Estaci\u00f3n del Metro Sendero, paradas de transporte urbano, y avenidas como Ra\u00fal Salinas, Libramiento y la zona de Alianza Real, por mencionar algunas.<\/p>\n\n\n\n<figure class=\"wp-block-image size-large\"><img loading=\"lazy\" decoding=\"async\" width=\"1024\" height=\"683\" src=\"http:\/\/diariodigitalmx.com\/wp-content\/uploads\/2023\/06\/FOTO-4-2-1024x683.jpg\" alt=\"\" class=\"wp-image-100821\" srcset=\"https:\/\/diariodigitalmx.com\/wp-content\/uploads\/2023\/06\/FOTO-4-2-1024x683.jpg 1024w, https:\/\/diariodigitalmx.com\/wp-content\/uploads\/2023\/06\/FOTO-4-2-300x200.jpg 300w, https:\/\/diariodigitalmx.com\/wp-content\/uploads\/2023\/06\/FOTO-4-2-768x512.jpg 768w, https:\/\/diariodigitalmx.com\/wp-content\/uploads\/2023\/06\/FOTO-4-2-1536x1024.jpg 1536w, https:\/\/diariodigitalmx.com\/wp-content\/uploads\/2023\/06\/FOTO-4-2-2048x1365.jpg 2048w\" sizes=\"(max-width: 1024px) 100vw, 1024px\" \/><\/figure>\n\n\n\n<p>Personal del Municipio tambi\u00e9n est\u00e1 al pendiente de la ciudadan\u00eda, a fin de intervenir en caso de que requieran apoyo al presentar alg\u00fan problema de salud derivado del calor.<\/p>\n\n\n\n<p>En caso de tener alg\u00fan malestar, se pueden comunicar al <a href=\"https:\/\/www.google.com\/search?q=llamar+a+protecci%C3%B3n+civil+escobedo&amp;oq=llamar+a+protecci%C3%B3n+civil+escobedo+&amp;aqs=chrome..69i57j33i160l4j33i22i29i30l2.7101j0j7&amp;sourceid=chrome&amp;ie=UTF-8\">81 8397 2911<\/a> donde Protecci\u00f3n Civil de Escobedo les brindar\u00e1 atenci\u00f3n.<\/p>\n\n\n\n<figure class=\"wp-block-image size-large\"><img loading=\"lazy\" decoding=\"async\" width=\"1024\" height=\"683\" src=\"http:\/\/diariodigitalmx.com\/wp-content\/uploads\/2023\/06\/FOTO-2-2-1024x683.jpg\" alt=\"\" class=\"wp-image-100826\" srcset=\"https:\/\/diariodigitalmx.com\/wp-content\/uploads\/2023\/06\/FOTO-2-2-1024x683.jpg 1024w, https:\/\/diariodigitalmx.com\/wp-content\/uploads\/2023\/06\/FOTO-2-2-300x200.jpg 300w, https:\/\/diariodigitalmx.com\/wp-content\/uploads\/2023\/06\/FOTO-2-2-768x512.jpg 768w, https:\/\/diariodigitalmx.com\/wp-content\/uploads\/2023\/06\/FOTO-2-2-1536x1024.jpg 1536w, https:\/\/diariodigitalmx.com\/wp-content\/uploads\/2023\/06\/FOTO-2-2-2048x1365.jpg 2048w\" sizes=\"(max-width: 1024px) 100vw, 1024px\" \/><\/figure>\n\n\n\n<p>Al persistir las altas temperaturas, el Gobierno de Escobedo exhorta a la poblaci\u00f3n a no exponerse a los rayos de sol, usar ropa ligera y bloqueador solar, adem\u00e1s de tomar abundantes l\u00edquidos.<\/p>\n\n\n\n<p>En apoyo a la comunidad, esta acci\u00f3n continuar\u00e1 realiz\u00e1ndose en diferentes puntos del Municipio.<\/p>\n","protected":false},"excerpt":{"rendered":"<p>Ante las altas temperaturas que se siguen registrando, el Municipio de Escobedo contin\u00faa llevando los operativos de hidrataci\u00f3n a las principales calles y avenidas de la Ciudad para ayudar a la poblaci\u00f3n a mitigar el calor. De forma coordinada, elementos de la Polic\u00eda de Proximidad, Protecci\u00f3n Civil Municipal, Participaci\u00f3n Ciudadana y otras dependencias municipales han [&hellip;]<\/p>\n","protected":false},"author":1,"featured_media":100819,"comment_status":"open","ping_status":"open","sticky":true,"template":"","format":"standard","meta":{"footnotes":""},"categories":[6,5],"tags":[],"_links":{"self":[{"href":"https:\/\/diariodigitalmx.com\/index.php\/wp-json\/wp\/v2\/posts\/100817"}],"collection":[{"href":"https:\/\/diariodigitalmx.com\/index.php\/wp-json\/wp\/v2\/posts"}],"about":[{"href":"https:\/\/diariodigitalmx.com\/index.php\/wp-json\/wp\/v2\/types\/post"}],"author":[{"embeddable":true,"href":"https:\/\/diariodigitalmx.com\/index.php\/wp-json\/wp\/v2\/users\/1"}],"replies":[{"embeddable":true,"href":"https:\/\/diariodigitalmx.com\/index.php\/wp-json\/wp\/v2\/comments?post=100817"}],"version-history":[{"count":6,"href":"https:\/\/diariodigitalmx.com\/index.php\/wp-json\/wp\/v2\/posts\/100817\/revisions"}],"predecessor-version":[{"id":100830,"href":"https:\/\/diariodigitalmx.com\/index.php\/wp-json\/wp\/v2\/posts\/100817\/revisions\/100830"}],"wp:featuredmedia":[{"embeddable":true,"href":"https:\/\/diariodigitalmx.com\/index.php\/wp-json\/wp\/v2\/media\/100819"}],"wp:attachment":[{"href":"https:\/\/diariodigitalmx.com\/index.php\/wp-json\/wp\/v2\/media?parent=100817"}],"wp:term":[{"taxonomy":"category","embeddable":true,"href":"https:\/\/diariodigitalmx.com\/index.php\/wp-json\/wp\/v2\/categories?post=100817"},{"taxonomy":"post_tag","embeddable":true,"href":"https:\/\/diariodigitalmx.com\/index.php\/wp-json\/wp\/v2\/tags?post=100817"}],"curies":[{"name":"wp","href":"https:\/\/api.w.org\/{rel}","templated":true}]}}