{"id":100870,"date":"2023-06-29T15:49:27","date_gmt":"2023-06-29T20:49:27","guid":{"rendered":"http:\/\/diariodigitalmx.com\/?p=100870"},"modified":"2023-06-29T16:04:44","modified_gmt":"2023-06-29T21:04:44","slug":"mientras-canta-en-quirofano-le-retiran-tumor-cerebral-maligno-en-el-issste","status":"publish","type":"post","link":"https:\/\/diariodigitalmx.com\/index.php\/2023\/06\/29\/mientras-canta-en-quirofano-le-retiran-tumor-cerebral-maligno-en-el-issste\/","title":{"rendered":"Mientras canta, en quir\u00f3fano le retiran tumor cerebral maligno en el Issste"},"content":{"rendered":"\n<figure class=\"wp-block-video\"><video controls src=\"http:\/\/diariodigitalmx.com\/wp-content\/uploads\/2023\/06\/HD-Cirugia-de-Cerebro-con-paciente-despierto.mp4\"><\/video><\/figure>\n\n\n\n<p>CDMX.- H\u00e9ctor Silva, de 50 a\u00f1os y padre de familia, se encontraba despierto y cantando Las ma\u00f1anitas en el quir\u00f3fano, mientras especialistas del Centro M\u00e9dico Nacional \u201c20 de Noviembre\u201d del Instituto de Seguridad y Servicios Sociales de los Trabajadores del Estado (Issste) le retiraban exitosamente un tumor en el cerebro de tama\u00f1o m\u00e1s grande que un huevo, el cual era met\u00e1stasis de c\u00e1ncer renal.<\/p>\n\n\n\n<p>1Un equipo multidisciplinario de especialistas liderado por el neurocirujano Cuauht\u00e9moc Gil Mej\u00eda e integrado por profesionales en radiolog\u00eda oncol\u00f3gica, neuropsicolog\u00eda, anestesiolog\u00eda, neurolog\u00eda y enfermeras participaron en el complejo procedimiento.<\/p>\n\n\n\n<p>H\u00e9ctor Silva recuerda que en abril de este a\u00f1o acudi\u00f3 al hospital a revisi\u00f3n y al salir para emprender su regreso a casa se sinti\u00f3 confundido. \u201cNo sab\u00eda exactamente d\u00f3nde estaba y como pude regres\u00e9 al consultorio. Le dije a la doctora: Tengo un problema, me bajaron el switch, a lo que ella me contest\u00f3: \u00bfEl switch? \u00bfQu\u00e9 es eso? No recuerdo nada, le dije, si usted me pregunta mi nombre, no s\u00e9 qui\u00e9n soy \u00bfMe puede ayudar?\u201d.<\/p>\n\n\n\n<figure class=\"wp-block-image size-large\"><img loading=\"lazy\" decoding=\"async\" width=\"1024\" height=\"1024\" src=\"http:\/\/diariodigitalmx.com\/wp-content\/uploads\/2023\/06\/IMGL0120-1024x1024.jpg\" alt=\"\" class=\"wp-image-100874\" srcset=\"https:\/\/diariodigitalmx.com\/wp-content\/uploads\/2023\/06\/IMGL0120-1024x1024.jpg 1024w, https:\/\/diariodigitalmx.com\/wp-content\/uploads\/2023\/06\/IMGL0120-300x300.jpg 300w, https:\/\/diariodigitalmx.com\/wp-content\/uploads\/2023\/06\/IMGL0120-150x150.jpg 150w, https:\/\/diariodigitalmx.com\/wp-content\/uploads\/2023\/06\/IMGL0120-768x768.jpg 768w, https:\/\/diariodigitalmx.com\/wp-content\/uploads\/2023\/06\/IMGL0120-1536x1536.jpg 1536w, https:\/\/diariodigitalmx.com\/wp-content\/uploads\/2023\/06\/IMGL0120.jpg 1800w\" sizes=\"(max-width: 1024px) 100vw, 1024px\" \/><\/figure>\n\n\n\n<p>Con tal estado de confusi\u00f3n inici\u00f3 el diagn\u00f3stico del tumor cerebral de este paciente, refiri\u00f3 el neurocirujano Gil Mej\u00eda. Se hizo una tractograf\u00eda, un estudio de resonancia magn\u00e9tica espec\u00edfico para el tumor, con tecnolog\u00eda de punta, que ayud\u00f3 a planear el procedimiento quir\u00fargico, al identificar todas las \u00e1reas del cerebro comprometidas con el tumor, que pueden involucrar la funci\u00f3n del movimiento, la sensibilidad, del lenguaje o de la memoria.<\/p>\n\n\n\n<p>Se identific\u00f3 un tumor bastante grande, med\u00eda de cuatro y medio a cinco cent\u00edmetros de extensi\u00f3n, por tres y medio de grosor, aproximadamente, ubicado en el lado izquierdo del cerebro, lo cual explicaba la confusi\u00f3n mental que present\u00f3 el paciente, describi\u00f3.<\/p>\n\n\n\n<p>\u201cPara mayor seguridad y precisi\u00f3n en el retiro del tumor, decidimos operar con la t\u00e9cnica de paciente despierto.\u201d<br>Durante la neurocirug\u00eda, detall\u00f3, se utiliz\u00f3 un ultrasonido transquir\u00fargico que ayud\u00f3 a visualizar en tiempo real y en vivo el tama\u00f1o y las dimensiones del tumor y su vascularidad.<br>El neuropsic\u00f3logo se encarg\u00f3 de evaluar el estado mental del paciente, mantenerlo despierto, hablando y en alerta, realiz\u00e1ndole preguntas, mostr\u00e1ndole ilustraciones para que identificara figuras y vigilando que sus funciones cerebrales no fueran alteradas.<\/p>\n\n\n\n<figure class=\"wp-block-image size-large\"><img loading=\"lazy\" decoding=\"async\" width=\"1024\" height=\"682\" src=\"http:\/\/diariodigitalmx.com\/wp-content\/uploads\/2023\/06\/IMGL0147-1024x682.jpg\" alt=\"\" class=\"wp-image-100876\" srcset=\"https:\/\/diariodigitalmx.com\/wp-content\/uploads\/2023\/06\/IMGL0147-1024x682.jpg 1024w, https:\/\/diariodigitalmx.com\/wp-content\/uploads\/2023\/06\/IMGL0147-300x200.jpg 300w, https:\/\/diariodigitalmx.com\/wp-content\/uploads\/2023\/06\/IMGL0147-768x512.jpg 768w, https:\/\/diariodigitalmx.com\/wp-content\/uploads\/2023\/06\/IMGL0147-1536x1024.jpg 1536w, https:\/\/diariodigitalmx.com\/wp-content\/uploads\/2023\/06\/IMGL0147.jpg 1700w\" sizes=\"(max-width: 1024px) 100vw, 1024px\" \/><\/figure>\n\n\n\n<p>Previo a la resecci\u00f3n de la lesi\u00f3n, con un aparato denominado estimulador cortical de bajo voltaje se estimularon las \u00e1reas del lenguaje, las motoras de la mano y de la pierna; \u201ccuando estimulamos las \u00e1reas de la corteza cerebral expuesta, ve\u00edamos c\u00f3mo se mov\u00eda la mano del paciente y c\u00f3mo cantaba, hablaba o se le dificultaba expresarse\u201d, refiri\u00f3 el especialista.<\/p>\n\n\n\n<p>\u201cEsto es importante porque es un mapeo para identificar \u00e1reas elocuentes del cerebro, son zonas fundamentales y cr\u00edticas para evitar que el paciente salga con alguna lesi\u00f3n.\u201d<br>Una vez identificadas estas zonas, se procedi\u00f3 con seguridad a hacer la resecci\u00f3n del tumor y retirarlo.<br>A los cuatro d\u00edas de la cirug\u00eda, el paciente respondi\u00f3 favorablemente a la evaluaci\u00f3n neurol\u00f3gica funcional, estuvo listo para irse a casa por su propio pie, con un resultado muy bueno y la preservaci\u00f3n de sus funciones cerebrales. Actualmente, se recupera satisfactoriamente y contin\u00faa en vigilancia m\u00e9dica desde consulta externa.<\/p>\n\n\n\n<p>Tras ser dado de alta del hospital, H\u00e9ctor Silva manifest\u00f3: \u201cEstoy profundamente agradecido con Dios, con mi familia y con todos los m\u00e9dicos y enfermeras que me han apoyado en este Centro M\u00e9dico Nacional \u201920 de Noviembre\u2019 del Issste, estoy de pie y adelante para lo que siga\u201d.<\/p>\n","protected":false},"excerpt":{"rendered":"<p>CDMX.- H\u00e9ctor Silva, de 50 a\u00f1os y padre de familia, se encontraba despierto y cantando Las ma\u00f1anitas en el quir\u00f3fano, mientras especialistas del Centro M\u00e9dico Nacional \u201c20 de Noviembre\u201d del Instituto de Seguridad y Servicios Sociales de los Trabajadores del Estado (Issste) le retiraban exitosamente un tumor en el cerebro de tama\u00f1o m\u00e1s grande que [&hellip;]<\/p>\n","protected":false},"author":1,"featured_media":100872,"comment_status":"open","ping_status":"open","sticky":true,"template":"","format":"standard","meta":{"footnotes":""},"categories":[3,16],"tags":[],"_links":{"self":[{"href":"https:\/\/diariodigitalmx.com\/index.php\/wp-json\/wp\/v2\/posts\/100870"}],"collection":[{"href":"https:\/\/diariodigitalmx.com\/index.php\/wp-json\/wp\/v2\/posts"}],"about":[{"href":"https:\/\/diariodigitalmx.com\/index.php\/wp-json\/wp\/v2\/types\/post"}],"author":[{"embeddable":true,"href":"https:\/\/diariodigitalmx.com\/index.php\/wp-json\/wp\/v2\/users\/1"}],"replies":[{"embeddable":true,"href":"https:\/\/diariodigitalmx.com\/index.php\/wp-json\/wp\/v2\/comments?post=100870"}],"version-history":[{"count":4,"href":"https:\/\/diariodigitalmx.com\/index.php\/wp-json\/wp\/v2\/posts\/100870\/revisions"}],"predecessor-version":[{"id":100880,"href":"https:\/\/diariodigitalmx.com\/index.php\/wp-json\/wp\/v2\/posts\/100870\/revisions\/100880"}],"wp:featuredmedia":[{"embeddable":true,"href":"https:\/\/diariodigitalmx.com\/index.php\/wp-json\/wp\/v2\/media\/100872"}],"wp:attachment":[{"href":"https:\/\/diariodigitalmx.com\/index.php\/wp-json\/wp\/v2\/media?parent=100870"}],"wp:term":[{"taxonomy":"category","embeddable":true,"href":"https:\/\/diariodigitalmx.com\/index.php\/wp-json\/wp\/v2\/categories?post=100870"},{"taxonomy":"post_tag","embeddable":true,"href":"https:\/\/diariodigitalmx.com\/index.php\/wp-json\/wp\/v2\/tags?post=100870"}],"curies":[{"name":"wp","href":"https:\/\/api.w.org\/{rel}","templated":true}]}}