{"id":100881,"date":"2023-06-29T16:26:49","date_gmt":"2023-06-29T21:26:49","guid":{"rendered":"http:\/\/diariodigitalmx.com\/?p=100881"},"modified":"2023-06-29T16:28:41","modified_gmt":"2023-06-29T21:28:41","slug":"asesinan-a-hipolito-mora-ex-lider-de-autodefensas-michoacanas","status":"publish","type":"post","link":"https:\/\/diariodigitalmx.com\/index.php\/2023\/06\/29\/asesinan-a-hipolito-mora-ex-lider-de-autodefensas-michoacanas\/","title":{"rendered":"Asesinan a Hip\u00f3lito Mora, ex l\u00edder de autodefensas michoacanas"},"content":{"rendered":"\n<figure class=\"wp-block-video\"><video controls src=\"http:\/\/diariodigitalmx.com\/wp-content\/uploads\/2023\/06\/VID-20230629-WA0088.mp4\"><\/video><\/figure>\n\n\n\n<p>En un ataque directo fue asesinado<br>Hip\u00f3lito Mora, ex l\u00edder de autodefensas en Michoac\u00e1n.<\/p>\n\n\n\n<p>Los hechos fueron en la localidad de La Ruana, en el Municipio de Buenavista, cuando el grupo de atacantes hab\u00eda primero baleado su casa, y despu\u00e9s contra \u00e9l cuando viajaba en su camioneta blindada.<\/p>\n\n\n\n<p>Se inform\u00f3 que el grupo atacante prendi\u00f3 fuego a la camioneta al darse cuenta que era blindada y no le entraban las balas.<\/p>\n\n\n\n<p>El ataque fue a unas calles de la casa del ex l\u00edder; tambi\u00e9n murieron dos escoltas.<\/p>\n\n\n\n<figure class=\"wp-block-image size-full\"><img loading=\"lazy\" decoding=\"async\" width=\"668\" height=\"668\" src=\"http:\/\/diariodigitalmx.com\/wp-content\/uploads\/2023\/06\/IMG_20230629_152307_994.webp\" alt=\"\" class=\"wp-image-100886\" srcset=\"https:\/\/diariodigitalmx.com\/wp-content\/uploads\/2023\/06\/IMG_20230629_152307_994.webp 668w, https:\/\/diariodigitalmx.com\/wp-content\/uploads\/2023\/06\/IMG_20230629_152307_994-300x300.webp 300w, https:\/\/diariodigitalmx.com\/wp-content\/uploads\/2023\/06\/IMG_20230629_152307_994-150x150.webp 150w\" sizes=\"(max-width: 668px) 100vw, 668px\" \/><\/figure>\n\n\n\n<p>&#8220;Fue una persecuci\u00f3n donde le dispararon varias cuadras, al ver su camioneta blindada, le prendieron fuego, esto lamentable, don Hip\u00f3lito deber\u00eda ser cuidado por las guardias federales, fuerzas federales, por lo que Hip\u00f3lito represent\u00f3 para la historia de Michoac\u00e1n&#8221;, dijo Guillermo Valencia, ex Alcalde de Tepalcatepec, y l\u00edder del PRI estatal.<\/p>\n","protected":false},"excerpt":{"rendered":"<p>En un ataque directo fue asesinadoHip\u00f3lito Mora, ex l\u00edder de autodefensas en Michoac\u00e1n. Los hechos fueron en la localidad de La Ruana, en el Municipio de Buenavista, cuando el grupo de atacantes hab\u00eda primero baleado su casa, y despu\u00e9s contra \u00e9l cuando viajaba en su camioneta blindada. Se inform\u00f3 que el grupo atacante prendi\u00f3 fuego [&hellip;]<\/p>\n","protected":false},"author":1,"featured_media":100883,"comment_status":"open","ping_status":"open","sticky":true,"template":"","format":"standard","meta":{"footnotes":""},"categories":[2,3],"tags":[],"_links":{"self":[{"href":"https:\/\/diariodigitalmx.com\/index.php\/wp-json\/wp\/v2\/posts\/100881"}],"collection":[{"href":"https:\/\/diariodigitalmx.com\/index.php\/wp-json\/wp\/v2\/posts"}],"about":[{"href":"https:\/\/diariodigitalmx.com\/index.php\/wp-json\/wp\/v2\/types\/post"}],"author":[{"embeddable":true,"href":"https:\/\/diariodigitalmx.com\/index.php\/wp-json\/wp\/v2\/users\/1"}],"replies":[{"embeddable":true,"href":"https:\/\/diariodigitalmx.com\/index.php\/wp-json\/wp\/v2\/comments?post=100881"}],"version-history":[{"count":3,"href":"https:\/\/diariodigitalmx.com\/index.php\/wp-json\/wp\/v2\/posts\/100881\/revisions"}],"predecessor-version":[{"id":100887,"href":"https:\/\/diariodigitalmx.com\/index.php\/wp-json\/wp\/v2\/posts\/100881\/revisions\/100887"}],"wp:featuredmedia":[{"embeddable":true,"href":"https:\/\/diariodigitalmx.com\/index.php\/wp-json\/wp\/v2\/media\/100883"}],"wp:attachment":[{"href":"https:\/\/diariodigitalmx.com\/index.php\/wp-json\/wp\/v2\/media?parent=100881"}],"wp:term":[{"taxonomy":"category","embeddable":true,"href":"https:\/\/diariodigitalmx.com\/index.php\/wp-json\/wp\/v2\/categories?post=100881"},{"taxonomy":"post_tag","embeddable":true,"href":"https:\/\/diariodigitalmx.com\/index.php\/wp-json\/wp\/v2\/tags?post=100881"}],"curies":[{"name":"wp","href":"https:\/\/api.w.org\/{rel}","templated":true}]}}