{"id":100908,"date":"2023-06-29T23:19:12","date_gmt":"2023-06-30T04:19:12","guid":{"rendered":"http:\/\/diariodigitalmx.com\/?p=100908"},"modified":"2023-06-29T23:20:04","modified_gmt":"2023-06-30T04:20:04","slug":"no-le-cumplen-a-la-fiscalia-en-el-nuevo-semefo-constructora-le-engana","status":"publish","type":"post","link":"https:\/\/diariodigitalmx.com\/index.php\/2023\/06\/29\/no-le-cumplen-a-la-fiscalia-en-el-nuevo-semefo-constructora-le-engana\/","title":{"rendered":"No le cumplen a la Fiscal\u00eda en el nuevo SEMEFO; constructora le enga\u00f1a"},"content":{"rendered":"\n<p><br>Monterrey.- La construcci\u00f3n de un nuevo Semefo tiene un retraso en la obra debido a que m\u00e1s empresa constructora enga\u00f1\u00f3 a la Fiscal\u00eda de Justicia que le inici\u00f3 un proceso de investigaci\u00f3n.<br>&#8220;La construcci\u00f3n del nuevo edificio del Servicio M\u00e9dico Forense de la Fiscal\u00eda General de Justicia ubicado en la Colonia Urdiales de Monterrey, N.L inici\u00f3 en marzo del 2022, sin embargo, el proveedor S.S Construcciones, S.A de C.V present\u00f3 importantes atrasos en la obra a los pocos meses de haber iniciado&#8221;, explic\u00f3 la Fiscal\u00eda en un comunicado.<br>Dice que en noviembre del 2022 la constructora solicit\u00f3 por ese motivo una pr\u00f3rroga y se le otorg\u00f3, pero aun con esa extensi\u00f3n de tiempo en fecha de marzo de 2023 registraba apenas un 17 por ciento de avance, cuando el programa de obra exig\u00eda un 60 por ciento.<br>&#8220;Por lo tanto, esta instituci\u00f3n se vio en la necesidad de notificarle penas convencionales por 28.1 millones de pesos. Adem\u00e1s, a la fecha, el proveedor acumula 70 millones de pesos de un anticipo no amortizado&#8221;, agrega.<br>&#8220;Otra de las anomal\u00edas detectadas es que se asegur\u00f3 que estaba a disposici\u00f3n de la Fiscal\u00eda una planta de energ\u00eda el\u00e9ctrica de emergencia con un valor de 6 millones de pesos que, al ser requerida con presencia de un Notario P\u00fablico, no pudo ser entregada a la Fiscal\u00eda porque el proveedor no la hab\u00eda pagado&#8221;.<br>Por todas las irregularidades detectadas a la fecha, la obra se encuentra suspendida y se inici\u00f3 un proceso de investigaci\u00f3n que actualmente est\u00e1 en tr\u00e1mite, destaca en la informaci\u00f3n.<\/p>\n","protected":false},"excerpt":{"rendered":"<p>Monterrey.- La construcci\u00f3n de un nuevo Semefo tiene un retraso en la obra debido a que m\u00e1s empresa constructora enga\u00f1\u00f3 a la Fiscal\u00eda de Justicia que le inici\u00f3 un proceso de investigaci\u00f3n.&#8220;La construcci\u00f3n del nuevo edificio del Servicio M\u00e9dico Forense de la Fiscal\u00eda General de Justicia ubicado en la Colonia Urdiales de Monterrey, N.L inici\u00f3 [&hellip;]<\/p>\n","protected":false},"author":1,"featured_media":100910,"comment_status":"open","ping_status":"open","sticky":true,"template":"","format":"standard","meta":{"footnotes":""},"categories":[6,3],"tags":[],"_links":{"self":[{"href":"https:\/\/diariodigitalmx.com\/index.php\/wp-json\/wp\/v2\/posts\/100908"}],"collection":[{"href":"https:\/\/diariodigitalmx.com\/index.php\/wp-json\/wp\/v2\/posts"}],"about":[{"href":"https:\/\/diariodigitalmx.com\/index.php\/wp-json\/wp\/v2\/types\/post"}],"author":[{"embeddable":true,"href":"https:\/\/diariodigitalmx.com\/index.php\/wp-json\/wp\/v2\/users\/1"}],"replies":[{"embeddable":true,"href":"https:\/\/diariodigitalmx.com\/index.php\/wp-json\/wp\/v2\/comments?post=100908"}],"version-history":[{"count":2,"href":"https:\/\/diariodigitalmx.com\/index.php\/wp-json\/wp\/v2\/posts\/100908\/revisions"}],"predecessor-version":[{"id":100911,"href":"https:\/\/diariodigitalmx.com\/index.php\/wp-json\/wp\/v2\/posts\/100908\/revisions\/100911"}],"wp:featuredmedia":[{"embeddable":true,"href":"https:\/\/diariodigitalmx.com\/index.php\/wp-json\/wp\/v2\/media\/100910"}],"wp:attachment":[{"href":"https:\/\/diariodigitalmx.com\/index.php\/wp-json\/wp\/v2\/media?parent=100908"}],"wp:term":[{"taxonomy":"category","embeddable":true,"href":"https:\/\/diariodigitalmx.com\/index.php\/wp-json\/wp\/v2\/categories?post=100908"},{"taxonomy":"post_tag","embeddable":true,"href":"https:\/\/diariodigitalmx.com\/index.php\/wp-json\/wp\/v2\/tags?post=100908"}],"curies":[{"name":"wp","href":"https:\/\/api.w.org\/{rel}","templated":true}]}}