{"id":10143,"date":"2019-08-17T23:11:35","date_gmt":"2019-08-18T04:11:35","guid":{"rendered":"http:\/\/diariodigitalmx.com\/?p=10143"},"modified":"2019-08-17T23:13:32","modified_gmt":"2019-08-18T04:13:32","slug":"conmemora-escobedo-dia-del-peaton-con-pinta-de-cebras-y-charlas-de-seguridad-vial-a-ninos","status":"publish","type":"post","link":"https:\/\/diariodigitalmx.com\/index.php\/2019\/08\/17\/conmemora-escobedo-dia-del-peaton-con-pinta-de-cebras-y-charlas-de-seguridad-vial-a-ninos\/","title":{"rendered":"Conmemora Escobedo d\u00eda del peat\u00f3n con pinta de cebras y charlas de seguridad vial a ni\u00f1os"},"content":{"rendered":"\n<p><br><\/p>\n\n\n\n<p>Para que desde peque\u00f1os aprendan y adquieran una cultura vial y de respeto a los transe\u00fantes, el Municipio de Escobedo conmemor\u00f3 el D\u00eda Internacional del Peat\u00f3n con actividades en el Parque Lineal de la Avenida Acueducto.<\/p>\n\n\n\n<p>El Sistema de Movilidad Sustentable organiz\u00f3 pl\u00e1ticas de seguridad vial, entreg\u00f3 volantes con derechos y obligaciones del peat\u00f3n, y con ayuda de ni\u00f1os pint\u00f3 cebras de la vida.<\/p>\n\n\n\n<ul class=\"wp-block-gallery columns-1 is-cropped wp-block-gallery-1 is-layout-flex wp-block-gallery-is-layout-flex\"><li class=\"blocks-gallery-item\"><figure><img loading=\"lazy\" decoding=\"async\" width=\"768\" height=\"1024\" src=\"http:\/\/diariodigitalmx.com\/wp-content\/uploads\/2019\/08\/IMG_9036-2-768x1024.jpg\" alt=\"\" data-id=\"10147\" data-link=\"http:\/\/diariodigitalmx.com\/index.php\/2019\/08\/17\/conmemora-escobedo-dia-del-peaton-con-pinta-de-cebras-y-charlas-de-seguridad-vial-a-ninos\/img_9036-2\/\" class=\"wp-image-10147\" srcset=\"https:\/\/diariodigitalmx.com\/wp-content\/uploads\/2019\/08\/IMG_9036-2-768x1024.jpg 768w, https:\/\/diariodigitalmx.com\/wp-content\/uploads\/2019\/08\/IMG_9036-2-225x300.jpg 225w\" sizes=\"(max-width: 768px) 100vw, 768px\" \/><\/figure><\/li><\/ul>\n\n\n\n<p>En las charlas, a las que acudieron cerca de 60 peque\u00f1os, se les ense\u00f1\u00f3 el significado de los se\u00f1alamientos y los derechos que tienen al utilizar el espacio p\u00fablico, como gozar de banquetas amplias y caminar con calma y seguridad.<\/p>\n\n\n\n<p>Adem\u00e1s, se les record\u00f3 las obligaciones que deben cumplir como peatones, como cruzar solo cuando el sem\u00e1foro lo indique, caminar por aceras y no por calles, usar los puentes y no utilizar objetos que distraigan los sentidos. <\/p>\n\n\n\n<ul class=\"wp-block-gallery columns-1 is-cropped wp-block-gallery-2 is-layout-flex wp-block-gallery-is-layout-flex\"><li class=\"blocks-gallery-item\"><figure><img loading=\"lazy\" decoding=\"async\" width=\"1024\" height=\"768\" src=\"http:\/\/diariodigitalmx.com\/wp-content\/uploads\/2019\/08\/IMG_9040-2-1024x768.jpg\" alt=\"\" data-id=\"10149\" data-link=\"http:\/\/diariodigitalmx.com\/index.php\/2019\/08\/17\/conmemora-escobedo-dia-del-peaton-con-pinta-de-cebras-y-charlas-de-seguridad-vial-a-ninos\/img_9040-2\/\" class=\"wp-image-10149\" srcset=\"https:\/\/diariodigitalmx.com\/wp-content\/uploads\/2019\/08\/IMG_9040-2-1024x768.jpg 1024w, https:\/\/diariodigitalmx.com\/wp-content\/uploads\/2019\/08\/IMG_9040-2-300x225.jpg 300w, https:\/\/diariodigitalmx.com\/wp-content\/uploads\/2019\/08\/IMG_9040-2-768x576.jpg 768w\" sizes=\"(max-width: 1024px) 100vw, 1024px\" \/><\/figure><\/li><\/ul>\n\n\n\n<ul class=\"wp-block-gallery columns-2 is-cropped wp-block-gallery-3 is-layout-flex wp-block-gallery-is-layout-flex\"><li class=\"blocks-gallery-item\"><figure><img loading=\"lazy\" decoding=\"async\" width=\"1024\" height=\"768\" src=\"http:\/\/diariodigitalmx.com\/wp-content\/uploads\/2019\/08\/IMG_9044-2-1024x768.jpg\" alt=\"\" data-id=\"10151\" data-link=\"http:\/\/diariodigitalmx.com\/index.php\/2019\/08\/17\/conmemora-escobedo-dia-del-peaton-con-pinta-de-cebras-y-charlas-de-seguridad-vial-a-ninos\/img_9044-2\/\" class=\"wp-image-10151\" srcset=\"https:\/\/diariodigitalmx.com\/wp-content\/uploads\/2019\/08\/IMG_9044-2-1024x768.jpg 1024w, https:\/\/diariodigitalmx.com\/wp-content\/uploads\/2019\/08\/IMG_9044-2-300x225.jpg 300w, https:\/\/diariodigitalmx.com\/wp-content\/uploads\/2019\/08\/IMG_9044-2-768x576.jpg 768w\" sizes=\"(max-width: 1024px) 100vw, 1024px\" \/><\/figure><\/li><li class=\"blocks-gallery-item\"><figure><img loading=\"lazy\" decoding=\"async\" width=\"768\" height=\"1024\" src=\"http:\/\/diariodigitalmx.com\/wp-content\/uploads\/2019\/08\/IMG_9031-2-768x1024.jpg\" alt=\"\" data-id=\"10153\" data-link=\"http:\/\/diariodigitalmx.com\/index.php\/2019\/08\/17\/conmemora-escobedo-dia-del-peaton-con-pinta-de-cebras-y-charlas-de-seguridad-vial-a-ninos\/img_9031-2\/\" class=\"wp-image-10153\" srcset=\"https:\/\/diariodigitalmx.com\/wp-content\/uploads\/2019\/08\/IMG_9031-2-768x1024.jpg 768w, https:\/\/diariodigitalmx.com\/wp-content\/uploads\/2019\/08\/IMG_9031-2-225x300.jpg 225w\" sizes=\"(max-width: 768px) 100vw, 768px\" \/><\/figure><\/li><\/ul>\n\n\n\n<p>Tambi\u00e9n se pintaron 5 pasos peatonales, en los que participaron cerca de 10 menores en el dise\u00f1o.En lo que va de la Administraci\u00f3n, el Sistema de Movilidad Sustentable ha pintado alrededor de 120 cebras, de las cuales algunas se localizan en los alrededores de las escuelas. <\/p>\n","protected":false},"excerpt":{"rendered":"<p>Para que desde peque\u00f1os aprendan y adquieran una cultura vial y de respeto a los transe\u00fantes, el Municipio de Escobedo conmemor\u00f3 el D\u00eda Internacional del Peat\u00f3n con actividades en el Parque Lineal de la Avenida Acueducto. El Sistema de Movilidad Sustentable organiz\u00f3 pl\u00e1ticas de seguridad vial, entreg\u00f3 volantes con derechos y obligaciones del peat\u00f3n, y [&hellip;]<\/p>\n","protected":false},"author":1,"featured_media":10146,"comment_status":"open","ping_status":"open","sticky":true,"template":"","format":"standard","meta":{"footnotes":""},"categories":[6],"tags":[],"_links":{"self":[{"href":"https:\/\/diariodigitalmx.com\/index.php\/wp-json\/wp\/v2\/posts\/10143"}],"collection":[{"href":"https:\/\/diariodigitalmx.com\/index.php\/wp-json\/wp\/v2\/posts"}],"about":[{"href":"https:\/\/diariodigitalmx.com\/index.php\/wp-json\/wp\/v2\/types\/post"}],"author":[{"embeddable":true,"href":"https:\/\/diariodigitalmx.com\/index.php\/wp-json\/wp\/v2\/users\/1"}],"replies":[{"embeddable":true,"href":"https:\/\/diariodigitalmx.com\/index.php\/wp-json\/wp\/v2\/comments?post=10143"}],"version-history":[{"count":5,"href":"https:\/\/diariodigitalmx.com\/index.php\/wp-json\/wp\/v2\/posts\/10143\/revisions"}],"predecessor-version":[{"id":10154,"href":"https:\/\/diariodigitalmx.com\/index.php\/wp-json\/wp\/v2\/posts\/10143\/revisions\/10154"}],"wp:featuredmedia":[{"embeddable":true,"href":"https:\/\/diariodigitalmx.com\/index.php\/wp-json\/wp\/v2\/media\/10146"}],"wp:attachment":[{"href":"https:\/\/diariodigitalmx.com\/index.php\/wp-json\/wp\/v2\/media?parent=10143"}],"wp:term":[{"taxonomy":"category","embeddable":true,"href":"https:\/\/diariodigitalmx.com\/index.php\/wp-json\/wp\/v2\/categories?post=10143"},{"taxonomy":"post_tag","embeddable":true,"href":"https:\/\/diariodigitalmx.com\/index.php\/wp-json\/wp\/v2\/tags?post=10143"}],"curies":[{"name":"wp","href":"https:\/\/api.w.org\/{rel}","templated":true}]}}