{"id":10166,"date":"2019-08-18T11:24:41","date_gmt":"2019-08-18T16:24:41","guid":{"rendered":"http:\/\/diariodigitalmx.com\/?p=10166"},"modified":"2019-08-18T11:31:20","modified_gmt":"2019-08-18T16:31:20","slug":"en-guadalupe-y-garcia-asociaciones-vecinales-y-festa-entregan-utiles-escolares","status":"publish","type":"post","link":"https:\/\/diariodigitalmx.com\/index.php\/2019\/08\/18\/en-guadalupe-y-garcia-asociaciones-vecinales-y-festa-entregan-utiles-escolares\/","title":{"rendered":"En Guadalupe y Garc\u00eda, Asociaciones Vecinales y FESTA entregan \u00fatiles escolares"},"content":{"rendered":"\n<p>Coordinados las Asociaciones Civiles y la Federaci\u00f3n Estatal de Sindicatos de Trabajadores del Autotransporte, continuaron con la entrega de \u00fatiles escolares y ahora estuvieron en la colonia 23 de noviembre en el municipio de Guadalupe as\u00ed como en el de Garc\u00eda.<br><\/p>\n\n\n\n<p>Con el apoyo de&nbsp; la coordinadora vecinal&nbsp; Mary Vigil se organiz\u00f3 el evento&nbsp; en Guadalupe, para apoyar a las familias y a los estudiantes con una entrega de \u00fatiles que de una u otra forma les permiten amortiguar gastos previo al inicio del a\u00f1o escolar.<\/p>\n\n\n\n<p><br><\/p>\n\n\n\n<figure class=\"wp-block-image\"><img loading=\"lazy\" decoding=\"async\" width=\"768\" height=\"1024\" src=\"http:\/\/diariodigitalmx.com\/wp-content\/uploads\/2019\/08\/IMG-20190817-WA0068-768x1024.jpg\" alt=\"\" class=\"wp-image-10170\" srcset=\"https:\/\/diariodigitalmx.com\/wp-content\/uploads\/2019\/08\/IMG-20190817-WA0068-768x1024.jpg 768w, https:\/\/diariodigitalmx.com\/wp-content\/uploads\/2019\/08\/IMG-20190817-WA0068-225x300.jpg 225w, https:\/\/diariodigitalmx.com\/wp-content\/uploads\/2019\/08\/IMG-20190817-WA0068.jpg 960w\" sizes=\"(max-width: 768px) 100vw, 768px\" \/><\/figure>\n\n\n\n<p>Osvaldo Serna Serv\u00edn, presidente de las Asociaciones Vecinales de Nuevo Le\u00f3n de la FROC,&nbsp; destaca que la ayuda no queda solamente en esa entrega de \u00fatiles, pues en situaciones extremas el organismos ciudadano que preside y la FESTA de la que es secretario general, se solidariza con las familias.<\/p>\n\n\n\n<p><br><\/p>\n\n\n\n<figure class=\"wp-block-image\"><img loading=\"lazy\" decoding=\"async\" width=\"768\" height=\"1024\" src=\"http:\/\/diariodigitalmx.com\/wp-content\/uploads\/2019\/08\/IMG-20190817-WA0071-768x1024.jpg\" alt=\"\" class=\"wp-image-10181\" srcset=\"https:\/\/diariodigitalmx.com\/wp-content\/uploads\/2019\/08\/IMG-20190817-WA0071-768x1024.jpg 768w, https:\/\/diariodigitalmx.com\/wp-content\/uploads\/2019\/08\/IMG-20190817-WA0071-225x300.jpg 225w, https:\/\/diariodigitalmx.com\/wp-content\/uploads\/2019\/08\/IMG-20190817-WA0071.jpg 960w\" sizes=\"(max-width: 768px) 100vw, 768px\" \/><\/figure>\n\n\n\n<p>En este sentido, puso a disposici\u00f3n de las familias de Nuevo Le\u00f3n el Instituto Universitario Tecnol\u00f3gico de los Trabajadores (IUTT) la primera universidad&nbsp; obrera en el Pa\u00eds que ofrece preparatoria y carreras profesionales que incluyen las de mayor demanda del sector laboral.<\/p>\n\n\n\n<p><br><\/p>\n\n\n\n<figure class=\"wp-block-image\"><img loading=\"lazy\" decoding=\"async\" width=\"768\" height=\"1024\" src=\"http:\/\/diariodigitalmx.com\/wp-content\/uploads\/2019\/08\/IMG-20190817-WA0077-1-768x1024.jpg\" alt=\"\" class=\"wp-image-10173\" srcset=\"https:\/\/diariodigitalmx.com\/wp-content\/uploads\/2019\/08\/IMG-20190817-WA0077-1-768x1024.jpg 768w, https:\/\/diariodigitalmx.com\/wp-content\/uploads\/2019\/08\/IMG-20190817-WA0077-1-225x300.jpg 225w, https:\/\/diariodigitalmx.com\/wp-content\/uploads\/2019\/08\/IMG-20190817-WA0077-1.jpg 960w\" sizes=\"(max-width: 768px) 100vw, 768px\" \/><\/figure>\n\n\n\n<p>&nbsp;En esta ocasi\u00f3n en Guadalupe, Serna Serv\u00edn agradeci\u00f3 el apoyo solidario de la presidenta municipal Cristina D\u00edaz Salazar, quien estableci\u00f3 el compromiso de mantener la ayuda a los ciudadanos.<br><\/p>\n\n\n\n<p>&nbsp;En la organizaci\u00f3n del evento se cont\u00f3 tambi\u00e9n con el apoyo de la licenciada Yanneth Alonso.<br><\/p>\n\n\n\n<p>Y en la colonia Villas de San Mart\u00edn, en Garc\u00eda, la coordinadora vecinal Soledad Guti\u00e9rrez Hern\u00e1ndez realiz\u00f3 un apoyo importante para este evento de vital importancia a la econom\u00eda familiar.<\/p>\n\n\n\n<p><br><\/p>\n\n\n\n<figure class=\"wp-block-image\"><img loading=\"lazy\" decoding=\"async\" width=\"960\" height=\"720\" src=\"http:\/\/diariodigitalmx.com\/wp-content\/uploads\/2019\/08\/FB_IMG_1566145602125.jpg\" alt=\"\" class=\"wp-image-10176\" srcset=\"https:\/\/diariodigitalmx.com\/wp-content\/uploads\/2019\/08\/FB_IMG_1566145602125.jpg 960w, https:\/\/diariodigitalmx.com\/wp-content\/uploads\/2019\/08\/FB_IMG_1566145602125-300x225.jpg 300w, https:\/\/diariodigitalmx.com\/wp-content\/uploads\/2019\/08\/FB_IMG_1566145602125-768x576.jpg 768w\" sizes=\"(max-width: 960px) 100vw, 960px\" \/><\/figure>\n\n\n\n<p>El presidente de las Asociaciones Vecinales, Osvaldo Serna y la secretar\u00eda de Acci\u00f3n Femenil de la CROC de Nuevo Le\u00f3n, M\u00f3nica Serna hicieron la entrega de los paquetes escolares.&nbsp;<\/p>\n\n\n\n<p><br><\/p>\n\n\n\n<figure class=\"wp-block-image\"><img loading=\"lazy\" decoding=\"async\" width=\"960\" height=\"720\" src=\"http:\/\/diariodigitalmx.com\/wp-content\/uploads\/2019\/08\/FB_IMG_1566145596767.jpg\" alt=\"\" class=\"wp-image-10178\" srcset=\"https:\/\/diariodigitalmx.com\/wp-content\/uploads\/2019\/08\/FB_IMG_1566145596767.jpg 960w, https:\/\/diariodigitalmx.com\/wp-content\/uploads\/2019\/08\/FB_IMG_1566145596767-300x225.jpg 300w, https:\/\/diariodigitalmx.com\/wp-content\/uploads\/2019\/08\/FB_IMG_1566145596767-768x576.jpg 768w\" sizes=\"(max-width: 960px) 100vw, 960px\" \/><\/figure>\n\n\n\n<p>En Garc\u00eda tambi\u00e9n se agradeci\u00f3 el apoyo del alcalde Carlos Guevara para que en forma coordinada con la FROC que a nivel estatal lidera Alberto Serna de Le\u00f3n, se lograra un evento serio con gran responsabilidad social.<\/p>\n\n\n\n<p><\/p>\n\n\n\n<figure class=\"wp-block-image\"><img loading=\"lazy\" decoding=\"async\" width=\"960\" height=\"720\" src=\"http:\/\/diariodigitalmx.com\/wp-content\/uploads\/2019\/08\/FB_IMG_1566145628138.jpg\" alt=\"\" class=\"wp-image-10184\" srcset=\"https:\/\/diariodigitalmx.com\/wp-content\/uploads\/2019\/08\/FB_IMG_1566145628138.jpg 960w, https:\/\/diariodigitalmx.com\/wp-content\/uploads\/2019\/08\/FB_IMG_1566145628138-300x225.jpg 300w, https:\/\/diariodigitalmx.com\/wp-content\/uploads\/2019\/08\/FB_IMG_1566145628138-768x576.jpg 768w\" sizes=\"(max-width: 960px) 100vw, 960px\" \/><\/figure>\n\n\n\n<figure class=\"wp-block-image\"><img loading=\"lazy\" decoding=\"async\" width=\"768\" height=\"1024\" src=\"http:\/\/diariodigitalmx.com\/wp-content\/uploads\/2019\/08\/IMG-20190817-WA0059-768x1024.jpg\" alt=\"\" class=\"wp-image-10187\" srcset=\"https:\/\/diariodigitalmx.com\/wp-content\/uploads\/2019\/08\/IMG-20190817-WA0059-768x1024.jpg 768w, https:\/\/diariodigitalmx.com\/wp-content\/uploads\/2019\/08\/IMG-20190817-WA0059-225x300.jpg 225w, https:\/\/diariodigitalmx.com\/wp-content\/uploads\/2019\/08\/IMG-20190817-WA0059.jpg 960w\" sizes=\"(max-width: 768px) 100vw, 768px\" \/><\/figure>\n","protected":false},"excerpt":{"rendered":"<p>Coordinados las Asociaciones Civiles y la Federaci\u00f3n Estatal de Sindicatos de Trabajadores del Autotransporte, continuaron con la entrega de \u00fatiles escolares y ahora estuvieron en la colonia 23 de noviembre en el municipio de Guadalupe as\u00ed como en el de Garc\u00eda. Con el apoyo de&nbsp; la coordinadora vecinal&nbsp; Mary Vigil se organiz\u00f3 el evento&nbsp; en [&hellip;]<\/p>\n","protected":false},"author":1,"featured_media":10168,"comment_status":"open","ping_status":"open","sticky":true,"template":"","format":"standard","meta":{"footnotes":""},"categories":[6],"tags":[],"_links":{"self":[{"href":"https:\/\/diariodigitalmx.com\/index.php\/wp-json\/wp\/v2\/posts\/10166"}],"collection":[{"href":"https:\/\/diariodigitalmx.com\/index.php\/wp-json\/wp\/v2\/posts"}],"about":[{"href":"https:\/\/diariodigitalmx.com\/index.php\/wp-json\/wp\/v2\/types\/post"}],"author":[{"embeddable":true,"href":"https:\/\/diariodigitalmx.com\/index.php\/wp-json\/wp\/v2\/users\/1"}],"replies":[{"embeddable":true,"href":"https:\/\/diariodigitalmx.com\/index.php\/wp-json\/wp\/v2\/comments?post=10166"}],"version-history":[{"count":8,"href":"https:\/\/diariodigitalmx.com\/index.php\/wp-json\/wp\/v2\/posts\/10166\/revisions"}],"predecessor-version":[{"id":10188,"href":"https:\/\/diariodigitalmx.com\/index.php\/wp-json\/wp\/v2\/posts\/10166\/revisions\/10188"}],"wp:featuredmedia":[{"embeddable":true,"href":"https:\/\/diariodigitalmx.com\/index.php\/wp-json\/wp\/v2\/media\/10168"}],"wp:attachment":[{"href":"https:\/\/diariodigitalmx.com\/index.php\/wp-json\/wp\/v2\/media?parent=10166"}],"wp:term":[{"taxonomy":"category","embeddable":true,"href":"https:\/\/diariodigitalmx.com\/index.php\/wp-json\/wp\/v2\/categories?post=10166"},{"taxonomy":"post_tag","embeddable":true,"href":"https:\/\/diariodigitalmx.com\/index.php\/wp-json\/wp\/v2\/tags?post=10166"}],"curies":[{"name":"wp","href":"https:\/\/api.w.org\/{rel}","templated":true}]}}