{"id":10209,"date":"2019-08-18T16:35:11","date_gmt":"2019-08-18T21:35:11","guid":{"rendered":"http:\/\/diariodigitalmx.com\/?p=10209"},"modified":"2019-08-18T16:35:52","modified_gmt":"2019-08-18T21:35:52","slug":"banda-secuestraba-migrantes-indocumentados","status":"publish","type":"post","link":"https:\/\/diariodigitalmx.com\/index.php\/2019\/08\/18\/banda-secuestraba-migrantes-indocumentados\/","title":{"rendered":"Banda secuestraba migrantes indocumentados"},"content":{"rendered":"\n<p>David Casas<\/p>\n\n\n\n<p>Garc\u00eda, N. L- Una banda que se dedicaba a secuestrar migrantes que buscaban llegar a Estados Unidos, fue detenida en este municipio del poniente metropolitano de Monterrey.<br><\/p>\n\n\n\n<p>Entre los cuatro detenidos se encuentra un hombre tambi\u00e9n migrante de origen hondure\u00f1o.<br><\/p>\n\n\n\n<p>De acuerdo al reporte de las autoridades, se recibi\u00f3 un aviso de un hombre hondure\u00f1o golpeado que, al ser cuestionado dijo\u00a0 que al bajar de un tren fue interceptado por cuatro hombres a bordo de una camioneta color azul, los que  le pidieron una cantidad 15 mil pesos y despu\u00e9s lo secuestraron.<\/p>\n\n\n\n<p><br><\/p>\n\n\n\n<ul class=\"wp-block-gallery columns-1 is-cropped wp-block-gallery-1 is-layout-flex wp-block-gallery-is-layout-flex\"><li class=\"blocks-gallery-item\"><figure><img loading=\"lazy\" decoding=\"async\" width=\"1024\" height=\"1024\" src=\"http:\/\/diariodigitalmx.com\/wp-content\/uploads\/2019\/08\/IMG-20190818-WA0007-1024x1024.jpg\" alt=\"\" data-id=\"10212\" data-link=\"http:\/\/diariodigitalmx.com\/index.php\/2019\/08\/18\/banda-secuestraba-migrantes-indocumentados\/img-20190818-wa0007\/\" class=\"wp-image-10212\" srcset=\"https:\/\/diariodigitalmx.com\/wp-content\/uploads\/2019\/08\/IMG-20190818-WA0007-1024x1024.jpg 1024w, https:\/\/diariodigitalmx.com\/wp-content\/uploads\/2019\/08\/IMG-20190818-WA0007-150x150.jpg 150w, https:\/\/diariodigitalmx.com\/wp-content\/uploads\/2019\/08\/IMG-20190818-WA0007-300x300.jpg 300w, https:\/\/diariodigitalmx.com\/wp-content\/uploads\/2019\/08\/IMG-20190818-WA0007-768x768.jpg 768w, https:\/\/diariodigitalmx.com\/wp-content\/uploads\/2019\/08\/IMG-20190818-WA0007.jpg 1280w\" sizes=\"(max-width: 1024px) 100vw, 1024px\" \/><\/figure><\/li><\/ul>\n\n\n\n<p>Tras la denuncia la polic\u00eda local se dedic\u00f3 a investigar y posteriormente, detectaron&nbsp; sobre la avenida Leones en su cruce con Cumbres a los integrantes de la banda.<br><\/p>\n\n\n\n<p>&nbsp;Al ser detenido, aceptaron que golpearon a una persona y luego la abandonaron en un terreno bald\u00edo en la colonia Valle de Cumbres en Garc\u00eda.<br><\/p>\n\n\n\n<p>Los detenidos fueron identificados como Eduardo N. de 24 a\u00f1os, Brayan Jacobo N de 19, Miguel Alejandro N. de 31 y el hondure\u00f1o Alex Antonio N. de 22 a\u00f1os de edad.<br><\/p>\n\n\n\n<p>Todos fueron trasladados&nbsp; al Centro de Orientaci\u00f3n y Denuncia de Garc\u00eda para determinar su situaci\u00f3n legal.&nbsp;<br><\/p>\n\n\n\n<p>Por lo que respecta a la persona que golpearon y secuestraron, fue auxiliada&nbsp; por una unidad de Protecci\u00f3n Civil ya que ten\u00eda grilletes puestos y luego fue trasladado al Hospital Universitario para ser atendido.<br><\/p>\n\n\n\n<p>Monterrey y la zona metropolitana desde hace a\u00f1os se ha constituido no solo en zona de paso a la frontera, sino tambi\u00e9n en destino final de los migrantes que no llegan a Estados Unidos.<\/p>\n","protected":false},"excerpt":{"rendered":"<p>David Casas Garc\u00eda, N. L- Una banda que se dedicaba a secuestrar migrantes que buscaban llegar a Estados Unidos, fue detenida en este municipio del poniente metropolitano de Monterrey. Entre los cuatro detenidos se encuentra un hombre tambi\u00e9n migrante de origen hondure\u00f1o. De acuerdo al reporte de las autoridades, se recibi\u00f3 un aviso de un [&hellip;]<\/p>\n","protected":false},"author":1,"featured_media":10211,"comment_status":"open","ping_status":"open","sticky":true,"template":"","format":"standard","meta":{"footnotes":""},"categories":[7],"tags":[],"_links":{"self":[{"href":"https:\/\/diariodigitalmx.com\/index.php\/wp-json\/wp\/v2\/posts\/10209"}],"collection":[{"href":"https:\/\/diariodigitalmx.com\/index.php\/wp-json\/wp\/v2\/posts"}],"about":[{"href":"https:\/\/diariodigitalmx.com\/index.php\/wp-json\/wp\/v2\/types\/post"}],"author":[{"embeddable":true,"href":"https:\/\/diariodigitalmx.com\/index.php\/wp-json\/wp\/v2\/users\/1"}],"replies":[{"embeddable":true,"href":"https:\/\/diariodigitalmx.com\/index.php\/wp-json\/wp\/v2\/comments?post=10209"}],"version-history":[{"count":2,"href":"https:\/\/diariodigitalmx.com\/index.php\/wp-json\/wp\/v2\/posts\/10209\/revisions"}],"predecessor-version":[{"id":10213,"href":"https:\/\/diariodigitalmx.com\/index.php\/wp-json\/wp\/v2\/posts\/10209\/revisions\/10213"}],"wp:featuredmedia":[{"embeddable":true,"href":"https:\/\/diariodigitalmx.com\/index.php\/wp-json\/wp\/v2\/media\/10211"}],"wp:attachment":[{"href":"https:\/\/diariodigitalmx.com\/index.php\/wp-json\/wp\/v2\/media?parent=10209"}],"wp:term":[{"taxonomy":"category","embeddable":true,"href":"https:\/\/diariodigitalmx.com\/index.php\/wp-json\/wp\/v2\/categories?post=10209"},{"taxonomy":"post_tag","embeddable":true,"href":"https:\/\/diariodigitalmx.com\/index.php\/wp-json\/wp\/v2\/tags?post=10209"}],"curies":[{"name":"wp","href":"https:\/\/api.w.org\/{rel}","templated":true}]}}