{"id":10234,"date":"2019-08-19T06:08:08","date_gmt":"2019-08-19T11:08:08","guid":{"rendered":"http:\/\/diariodigitalmx.com\/?p=10234"},"modified":"2019-08-19T06:08:09","modified_gmt":"2019-08-19T11:08:09","slug":"no-satanicemos","status":"publish","type":"post","link":"https:\/\/diariodigitalmx.com\/index.php\/2019\/08\/19\/no-satanicemos\/","title":{"rendered":"No satanicemos"},"content":{"rendered":"\n<p>Por Salvador Hern\u00e1ndez LANDEROS<br> Hace d\u00edas circula en redes el documento oficial de la SER que se\u00f1ala nombres, <br> cargos y faltas de quienes apoyaron a \u201cEl Bronco\u201d en su campa\u00f1a presidencial.<br> Obvio que quienes llaman m\u00e1s la atenci\u00f3n son el Gobernador Jaime Rodr\u00edguez <br> Calder\u00f3n y su Secretario General de Gobierno, Manuel Gonz\u00e1lez Flores.<br> Adem\u00e1s de ellos, est\u00e1n otros 570 nombres m\u00e1s de funcionarios y empleados<br> de la actual administraci\u00f3n del Gobierno del Estado de Nuevo Le\u00f3n.<br> Van desde secretarios, subsecretarios, directores, coordinadores, empleados y <br> hasta elementos de seguridad p\u00fablica, quienes deber\u00e1n ser sancionados.<br> El documento de la Sala Regional Especializada del Tribunal Electoral del <br> Poder Judicial de la Federaci\u00f3n, establece una fecha. 21 de diciembre del 2019.<br> Los diputados del Congreso Local ser\u00e1n los encargados de aplicar la sanci\u00f3n <br> que corresponda a los implicados, incluso separarlos del cargo que ocupan.<br> Claro que en este caso hay de culpas a culpas. Pensemos que m\u00e1s de la mitad <br> fueron presionados o forzados a recolectar apoyos para conservar su empleo.<br> A c\u00f3mo se las gastan algunos funcionarios en la soberbia del poder, se <br> habr\u00edan llevado de encuentro a colaboradoras y colaboradores eventuales.<br> No conviene que satanicemos, ni tampoco medir a los 572 con el mismo <br> rasero. Sancionar con justicia, con transparencia, no visceral ni radical.<br> Ese documento de la SRE-PSC-153\/2018, que consta de 861 p\u00e1ginas, con la <br> investigaci\u00f3n y resoluci\u00f3n contra \u201cEl Bronco\u201d y colaboradores, est\u00e1 muy claro.<br> Tampoco exijamos \u00e9tica en los diputados. La mayor\u00eda obedecer\u00e1 a sus l\u00edderes <br> de Partido. Por el bien de Nuevo Le\u00f3n, s\u00f3lo pidamos respeto ciudadano.<br> chavalolanderos@yahoo.com.mx<\/p>\n\n\n\n<p><\/p>\n","protected":false},"excerpt":{"rendered":"<p>Por Salvador Hern\u00e1ndez LANDEROS Hace d\u00edas circula en redes el documento oficial de la SER que se\u00f1ala nombres, cargos y faltas de quienes apoyaron a \u201cEl Bronco\u201d en su campa\u00f1a presidencial. Obvio que quienes llaman m\u00e1s la atenci\u00f3n son el Gobernador Jaime Rodr\u00edguez Calder\u00f3n y su Secretario General de Gobierno, Manuel Gonz\u00e1lez Flores. Adem\u00e1s de [&hellip;]<\/p>\n","protected":false},"author":1,"featured_media":9365,"comment_status":"open","ping_status":"open","sticky":true,"template":"","format":"standard","meta":{"footnotes":""},"categories":[12],"tags":[],"_links":{"self":[{"href":"https:\/\/diariodigitalmx.com\/index.php\/wp-json\/wp\/v2\/posts\/10234"}],"collection":[{"href":"https:\/\/diariodigitalmx.com\/index.php\/wp-json\/wp\/v2\/posts"}],"about":[{"href":"https:\/\/diariodigitalmx.com\/index.php\/wp-json\/wp\/v2\/types\/post"}],"author":[{"embeddable":true,"href":"https:\/\/diariodigitalmx.com\/index.php\/wp-json\/wp\/v2\/users\/1"}],"replies":[{"embeddable":true,"href":"https:\/\/diariodigitalmx.com\/index.php\/wp-json\/wp\/v2\/comments?post=10234"}],"version-history":[{"count":1,"href":"https:\/\/diariodigitalmx.com\/index.php\/wp-json\/wp\/v2\/posts\/10234\/revisions"}],"predecessor-version":[{"id":10235,"href":"https:\/\/diariodigitalmx.com\/index.php\/wp-json\/wp\/v2\/posts\/10234\/revisions\/10235"}],"wp:featuredmedia":[{"embeddable":true,"href":"https:\/\/diariodigitalmx.com\/index.php\/wp-json\/wp\/v2\/media\/9365"}],"wp:attachment":[{"href":"https:\/\/diariodigitalmx.com\/index.php\/wp-json\/wp\/v2\/media?parent=10234"}],"wp:term":[{"taxonomy":"category","embeddable":true,"href":"https:\/\/diariodigitalmx.com\/index.php\/wp-json\/wp\/v2\/categories?post=10234"},{"taxonomy":"post_tag","embeddable":true,"href":"https:\/\/diariodigitalmx.com\/index.php\/wp-json\/wp\/v2\/tags?post=10234"}],"curies":[{"name":"wp","href":"https:\/\/api.w.org\/{rel}","templated":true}]}}