{"id":10248,"date":"2019-08-19T11:03:04","date_gmt":"2019-08-19T16:03:04","guid":{"rendered":"http:\/\/diariodigitalmx.com\/?p=10248"},"modified":"2019-08-19T11:03:05","modified_gmt":"2019-08-19T16:03:05","slug":"respalda-presidente-acciones-de-sheinbaum-en-marcha-feminista","status":"publish","type":"post","link":"https:\/\/diariodigitalmx.com\/index.php\/2019\/08\/19\/respalda-presidente-acciones-de-sheinbaum-en-marcha-feminista\/","title":{"rendered":"Respalda Presidente, acciones de Sheinbaum en marcha feminista"},"content":{"rendered":"\n<p>El presidente Andr\u00e9s Manuel L\u00f3pez Obrador respald\u00f3 la decisi\u00f3n de la jefa de Gobierno de la Ciudad de M\u00e9xico, Claudia Sheinbaum, de no usar la fuerza p\u00fablica en los hechos violentos que se registraron en la marcha feminista del viernes pasado.<\/p>\n\n\n\n<p>En conferencia de prensa, reiter\u00f3 que su gobierno no es partidario de reprimir ninguna manifestaci\u00f3n, pese a que &#8220;los conservadores&#8221; quisieran que hubiera mano dura.<\/p>\n\n\n\n<p>Sobre la violencia contra las mujeres, afirm\u00f3 que su gobierno trabaja todos los d\u00edas en ello para garantizar la seguridad de todos los ciudadanos. Llam\u00f3 a las manifestantes a expresarse&nbsp;sin violencia.<\/p>\n","protected":false},"excerpt":{"rendered":"<p>El presidente Andr\u00e9s Manuel L\u00f3pez Obrador respald\u00f3 la decisi\u00f3n de la jefa de Gobierno de la Ciudad de M\u00e9xico, Claudia Sheinbaum, de no usar la fuerza p\u00fablica en los hechos violentos que se registraron en la marcha feminista del viernes pasado. En conferencia de prensa, reiter\u00f3 que su gobierno no es partidario de reprimir ninguna [&hellip;]<\/p>\n","protected":false},"author":1,"featured_media":10250,"comment_status":"open","ping_status":"open","sticky":true,"template":"","format":"standard","meta":{"footnotes":""},"categories":[2],"tags":[],"_links":{"self":[{"href":"https:\/\/diariodigitalmx.com\/index.php\/wp-json\/wp\/v2\/posts\/10248"}],"collection":[{"href":"https:\/\/diariodigitalmx.com\/index.php\/wp-json\/wp\/v2\/posts"}],"about":[{"href":"https:\/\/diariodigitalmx.com\/index.php\/wp-json\/wp\/v2\/types\/post"}],"author":[{"embeddable":true,"href":"https:\/\/diariodigitalmx.com\/index.php\/wp-json\/wp\/v2\/users\/1"}],"replies":[{"embeddable":true,"href":"https:\/\/diariodigitalmx.com\/index.php\/wp-json\/wp\/v2\/comments?post=10248"}],"version-history":[{"count":1,"href":"https:\/\/diariodigitalmx.com\/index.php\/wp-json\/wp\/v2\/posts\/10248\/revisions"}],"predecessor-version":[{"id":10249,"href":"https:\/\/diariodigitalmx.com\/index.php\/wp-json\/wp\/v2\/posts\/10248\/revisions\/10249"}],"wp:featuredmedia":[{"embeddable":true,"href":"https:\/\/diariodigitalmx.com\/index.php\/wp-json\/wp\/v2\/media\/10250"}],"wp:attachment":[{"href":"https:\/\/diariodigitalmx.com\/index.php\/wp-json\/wp\/v2\/media?parent=10248"}],"wp:term":[{"taxonomy":"category","embeddable":true,"href":"https:\/\/diariodigitalmx.com\/index.php\/wp-json\/wp\/v2\/categories?post=10248"},{"taxonomy":"post_tag","embeddable":true,"href":"https:\/\/diariodigitalmx.com\/index.php\/wp-json\/wp\/v2\/tags?post=10248"}],"curies":[{"name":"wp","href":"https:\/\/api.w.org\/{rel}","templated":true}]}}