{"id":10289,"date":"2019-08-19T22:39:09","date_gmt":"2019-08-20T03:39:09","guid":{"rendered":"http:\/\/diariodigitalmx.com\/?p=10289"},"modified":"2019-08-19T22:41:03","modified_gmt":"2019-08-20T03:41:03","slug":"sin-rollos-rinden-cuentas-diputados-del-pt","status":"publish","type":"post","link":"https:\/\/diariodigitalmx.com\/index.php\/2019\/08\/19\/sin-rollos-rinden-cuentas-diputados-del-pt\/","title":{"rendered":"Sin &#8220;rollos&#8221;, rinden cuentas diputados del PT"},"content":{"rendered":"\n<p><\/p>\n\n\n\n<p>Monterrey, N. L.- El Grupo Legislativo del Partido del Trabajo rindi\u00f3 su primer informe de actividades legislativas sin \u2018rollos\u2019.<\/p>\n\n\n\n<p>En forma breve las diputadas Mar\u00eda Guadalupe Rodr\u00edguez Mart\u00ednez y Esperanza Alicia Rodr\u00edguez L\u00f3pez y los diputados Zeferino Ju\u00e1rez Mata y Asael Sep\u00falveda Mart\u00ednez rindieron cuentas ante habitantes de la colonia Tierra y Libertad.<\/p>\n\n\n\n<figure class=\"wp-block-image\"><img loading=\"lazy\" decoding=\"async\" width=\"1024\" height=\"768\" src=\"http:\/\/diariodigitalmx.com\/wp-content\/uploads\/2019\/08\/IMG-20190819-WA0024-1024x768.jpg\" alt=\"\" class=\"wp-image-10295\" srcset=\"https:\/\/diariodigitalmx.com\/wp-content\/uploads\/2019\/08\/IMG-20190819-WA0024-1024x768.jpg 1024w, https:\/\/diariodigitalmx.com\/wp-content\/uploads\/2019\/08\/IMG-20190819-WA0024-300x225.jpg 300w, https:\/\/diariodigitalmx.com\/wp-content\/uploads\/2019\/08\/IMG-20190819-WA0024-768x576.jpg 768w, https:\/\/diariodigitalmx.com\/wp-content\/uploads\/2019\/08\/IMG-20190819-WA0024.jpg 1280w\" sizes=\"(max-width: 1024px) 100vw, 1024px\" \/><\/figure>\n\n\n\n<p>\u201cNuestro Informe es sobre lo que siempre hemos hecho para solucionar los problemas y demandas de la gente\u201d, dijo la diputada Rodr\u00edguez Mart\u00ednez.<\/p>\n\n\n\n<p>Destac\u00f3 la reforma educativa para establecer como obligatoria y gratuita la educaci\u00f3n desde el nivel inicial hasta el superior.<\/p>\n\n\n\n<figure class=\"wp-block-image\"><img loading=\"lazy\" decoding=\"async\" width=\"1024\" height=\"777\" src=\"http:\/\/diariodigitalmx.com\/wp-content\/uploads\/2019\/08\/IMG-20190819-WA0025-1024x777.jpg\" alt=\"\" class=\"wp-image-10298\" srcset=\"https:\/\/diariodigitalmx.com\/wp-content\/uploads\/2019\/08\/IMG-20190819-WA0025-1024x777.jpg 1024w, https:\/\/diariodigitalmx.com\/wp-content\/uploads\/2019\/08\/IMG-20190819-WA0025-300x228.jpg 300w, https:\/\/diariodigitalmx.com\/wp-content\/uploads\/2019\/08\/IMG-20190819-WA0025-768x583.jpg 768w, https:\/\/diariodigitalmx.com\/wp-content\/uploads\/2019\/08\/IMG-20190819-WA0025.jpg 1280w\" sizes=\"(max-width: 1024px) 100vw, 1024px\" \/><\/figure>\n\n\n\n<p>Asimismo, la aprobaci\u00f3n de la Ley de Protecci\u00f3n al Parto Humanizado y la Maternidad Digna, la cual fue vetada por el Gobernador, \u201dun veto que ser\u00e1 superado por el voto del Congreso\u201d, dijo.<\/p>\n\n\n\n<p>La diputada Esperanza Alicia refiri\u00f3 las labores de gesti\u00f3n social que durante un a\u00f1o ha realizado en los municipios del Ca\u00f1\u00f3n de las Salinas.<\/p>\n\n\n\n<p>\u201cVoy a estar a sus \u00f3rdenes hasta el \u00faltimo d\u00eda de mi responsabilidad\u201d, recalc\u00f3.<\/p>\n\n\n\n<p>En tanto, Ju\u00e1rez Mata manifest\u00f3 que la experiencia en la lucha pol\u00edtica y social ha servido para que los cuatro legisladores del PT se concentren en ayudar a solucionar las necesidades de la gente, \u201cen lugar de andar tumbando al Bronco\u201d.<\/p>\n\n\n\n<figure class=\"wp-block-image\"><img loading=\"lazy\" decoding=\"async\" width=\"1024\" height=\"768\" src=\"http:\/\/diariodigitalmx.com\/wp-content\/uploads\/2019\/08\/IMG-20190819-WA0026-1024x768.jpg\" alt=\"\" class=\"wp-image-10300\" srcset=\"https:\/\/diariodigitalmx.com\/wp-content\/uploads\/2019\/08\/IMG-20190819-WA0026-1024x768.jpg 1024w, https:\/\/diariodigitalmx.com\/wp-content\/uploads\/2019\/08\/IMG-20190819-WA0026-300x225.jpg 300w, https:\/\/diariodigitalmx.com\/wp-content\/uploads\/2019\/08\/IMG-20190819-WA0026-768x576.jpg 768w, https:\/\/diariodigitalmx.com\/wp-content\/uploads\/2019\/08\/IMG-20190819-WA0026.jpg 1280w\" sizes=\"(max-width: 1024px) 100vw, 1024px\" \/><\/figure>\n\n\n\n<p>Asael Sep\u00falveda inform\u00f3 que la principal tarea es atender y escuchar las peticiones de la gente y subsanarlas, pero sin perder de vista la obligaci\u00f3n del Gobernador y de los Alcaldes en cuanto a los problemas de seguridad y obras p\u00fablicas mayores.<\/p>\n","protected":false},"excerpt":{"rendered":"<p>Monterrey, N. L.- El Grupo Legislativo del Partido del Trabajo rindi\u00f3 su primer informe de actividades legislativas sin \u2018rollos\u2019. En forma breve las diputadas Mar\u00eda Guadalupe Rodr\u00edguez Mart\u00ednez y Esperanza Alicia Rodr\u00edguez L\u00f3pez y los diputados Zeferino Ju\u00e1rez Mata y Asael Sep\u00falveda Mart\u00ednez rindieron cuentas ante habitantes de la colonia Tierra y Libertad. \u201cNuestro Informe [&hellip;]<\/p>\n","protected":false},"author":1,"featured_media":10293,"comment_status":"open","ping_status":"open","sticky":true,"template":"","format":"standard","meta":{"footnotes":""},"categories":[6],"tags":[],"_links":{"self":[{"href":"https:\/\/diariodigitalmx.com\/index.php\/wp-json\/wp\/v2\/posts\/10289"}],"collection":[{"href":"https:\/\/diariodigitalmx.com\/index.php\/wp-json\/wp\/v2\/posts"}],"about":[{"href":"https:\/\/diariodigitalmx.com\/index.php\/wp-json\/wp\/v2\/types\/post"}],"author":[{"embeddable":true,"href":"https:\/\/diariodigitalmx.com\/index.php\/wp-json\/wp\/v2\/users\/1"}],"replies":[{"embeddable":true,"href":"https:\/\/diariodigitalmx.com\/index.php\/wp-json\/wp\/v2\/comments?post=10289"}],"version-history":[{"count":6,"href":"https:\/\/diariodigitalmx.com\/index.php\/wp-json\/wp\/v2\/posts\/10289\/revisions"}],"predecessor-version":[{"id":10301,"href":"https:\/\/diariodigitalmx.com\/index.php\/wp-json\/wp\/v2\/posts\/10289\/revisions\/10301"}],"wp:featuredmedia":[{"embeddable":true,"href":"https:\/\/diariodigitalmx.com\/index.php\/wp-json\/wp\/v2\/media\/10293"}],"wp:attachment":[{"href":"https:\/\/diariodigitalmx.com\/index.php\/wp-json\/wp\/v2\/media?parent=10289"}],"wp:term":[{"taxonomy":"category","embeddable":true,"href":"https:\/\/diariodigitalmx.com\/index.php\/wp-json\/wp\/v2\/categories?post=10289"},{"taxonomy":"post_tag","embeddable":true,"href":"https:\/\/diariodigitalmx.com\/index.php\/wp-json\/wp\/v2\/tags?post=10289"}],"curies":[{"name":"wp","href":"https:\/\/api.w.org\/{rel}","templated":true}]}}