{"id":10307,"date":"2019-08-20T06:30:44","date_gmt":"2019-08-20T11:30:44","guid":{"rendered":"http:\/\/diariodigitalmx.com\/?p=10307"},"modified":"2019-08-20T06:30:46","modified_gmt":"2019-08-20T11:30:46","slug":"por-cierto-104","status":"publish","type":"post","link":"https:\/\/diariodigitalmx.com\/index.php\/2019\/08\/20\/por-cierto-104\/","title":{"rendered":"Por cierto&#8230;"},"content":{"rendered":"\n<p>\u00d3scar Tamez Rodr\u00edguez<\/p>\n\n\n\n<p>La disputa por la dirigencia en Morena ya caus\u00f3 su primera v\u00edctima. Mart\u00ed Batres pierde al interior de la votaci\u00f3n de Morena, la presidencia de la c\u00e1mara de diputados. Yeidckol Polevnsky y afines acusaron albazo por parte de Ricardo Monreal. Vaya, a\u00fan falta que las dem\u00e1s fracciones legislativas apoyen a Monreal y habr\u00e1n sacado al ala m\u00e1s izquierda de Morena del poder en la c\u00e1mara alta. Si este es el primer round, imagine c\u00f3mo ser\u00e1 la renovaci\u00f3n de la dirigencia Morena. Lo extra\u00f1o es que AMLO quien acostumbra a tener el control de todo, pareciera dejar a sus pupilos darse con todo al estilo \u201cLos 3 Garc\u00eda\u201d, para luego jalar las orejas al vencedor, claro, siempre puede ser parte de un consenso con el zacatecano y su proyecto 2024\u2026 Ma\u00f1ana este opinador presenta la investigaci\u00f3n hist\u00f3rica que coordina C\u00e9sar Morado Mac\u00edas denominada \u201cUna Historia con Futuro, 85 a\u00f1os de la UANL\u201d, los saludo en el Museo de Historia a las 19:00 horas.<br><a rel=\"noreferrer noopener\" href=\"http:\/\/www.estudiospoliticos.mx\/\" target=\"_blank\">www.estudiospoliticos.mx<\/a>@EstudiosMx<a rel=\"noreferrer noopener\" href=\"http:\/\/www.facebook.com\/EstudiosPoliticos.mx\" target=\"_blank\">www.facebook.com\/EstudiosPoliticos.mx<\/a><\/p>\n\n\n\n<p><\/p>\n","protected":false},"excerpt":{"rendered":"<p>\u00d3scar Tamez Rodr\u00edguez La disputa por la dirigencia en Morena ya caus\u00f3 su primera v\u00edctima. Mart\u00ed Batres pierde al interior de la votaci\u00f3n de Morena, la presidencia de la c\u00e1mara de diputados. Yeidckol Polevnsky y afines acusaron albazo por parte de Ricardo Monreal. Vaya, a\u00fan falta que las dem\u00e1s fracciones legislativas apoyen a Monreal y [&hellip;]<\/p>\n","protected":false},"author":1,"featured_media":10309,"comment_status":"open","ping_status":"open","sticky":true,"template":"","format":"standard","meta":{"footnotes":""},"categories":[12],"tags":[],"_links":{"self":[{"href":"https:\/\/diariodigitalmx.com\/index.php\/wp-json\/wp\/v2\/posts\/10307"}],"collection":[{"href":"https:\/\/diariodigitalmx.com\/index.php\/wp-json\/wp\/v2\/posts"}],"about":[{"href":"https:\/\/diariodigitalmx.com\/index.php\/wp-json\/wp\/v2\/types\/post"}],"author":[{"embeddable":true,"href":"https:\/\/diariodigitalmx.com\/index.php\/wp-json\/wp\/v2\/users\/1"}],"replies":[{"embeddable":true,"href":"https:\/\/diariodigitalmx.com\/index.php\/wp-json\/wp\/v2\/comments?post=10307"}],"version-history":[{"count":1,"href":"https:\/\/diariodigitalmx.com\/index.php\/wp-json\/wp\/v2\/posts\/10307\/revisions"}],"predecessor-version":[{"id":10308,"href":"https:\/\/diariodigitalmx.com\/index.php\/wp-json\/wp\/v2\/posts\/10307\/revisions\/10308"}],"wp:featuredmedia":[{"embeddable":true,"href":"https:\/\/diariodigitalmx.com\/index.php\/wp-json\/wp\/v2\/media\/10309"}],"wp:attachment":[{"href":"https:\/\/diariodigitalmx.com\/index.php\/wp-json\/wp\/v2\/media?parent=10307"}],"wp:term":[{"taxonomy":"category","embeddable":true,"href":"https:\/\/diariodigitalmx.com\/index.php\/wp-json\/wp\/v2\/categories?post=10307"},{"taxonomy":"post_tag","embeddable":true,"href":"https:\/\/diariodigitalmx.com\/index.php\/wp-json\/wp\/v2\/tags?post=10307"}],"curies":[{"name":"wp","href":"https:\/\/api.w.org\/{rel}","templated":true}]}}