{"id":10319,"date":"2019-08-20T16:54:36","date_gmt":"2019-08-20T21:54:36","guid":{"rendered":"http:\/\/diariodigitalmx.com\/?p=10319"},"modified":"2019-08-20T16:54:36","modified_gmt":"2019-08-20T21:54:36","slug":"ideales-y-principios-deben-prevalecer-cargos-no-importan-amlo-a-batres-y-monreal","status":"publish","type":"post","link":"https:\/\/diariodigitalmx.com\/index.php\/2019\/08\/20\/ideales-y-principios-deben-prevalecer-cargos-no-importan-amlo-a-batres-y-monreal\/","title":{"rendered":"Ideales y principios deben prevalecer; cargos no importan: AMLO a Batres y Monreal"},"content":{"rendered":"\n<p>Ante las discrepancias entre los senadores de Morena, Mart\u00ed Batres y Ricardo Monreal, el presidente Andr\u00e9s Manuel L\u00f3pez Obrador afirm\u00f3 que quienes se dedican a la pol\u00edtica tienen que actuar poniendo por delante los ideales y principios, y anunci\u00f3 que enviar\u00e1 una carta al Congreso para expresar su punto de vista pedirles que no abandonen el movimiento ni al pueblo.<\/p>\n\n\n\n<p>\u201cYa no ayudan quienes solo piensan en sus intereses personales, tiene que haber m\u00edstica, convicciones, entrega total a la causa p\u00fablica, no son los cargos lo que debe de importar, sino la contribuci\u00f3n a los cambios, en este caso a la trasformaci\u00f3n del pa\u00eds\u201d, dijo en conferencia de prensa donde afirm\u00f3 que tambi\u00e9n tiene que haber discrepancias, pol\u00e9mica y libertad.<\/p>\n\n\n\n<p>L\u00f3pez Obrador descart\u00f3 que esa ruptura entre los legisladores morenistas afecte las reformas que plantea su gobierno, tova vez que las propuestas que se hacen al Congreso son para beneficiar al pueblo, &#8220;entonces no solo los legisladores de Morena sino de otros partidos nos est\u00e1n apoyando y aprueban nuestra iniciativas de ley\u201d.<\/p>\n","protected":false},"excerpt":{"rendered":"<p>Ante las discrepancias entre los senadores de Morena, Mart\u00ed Batres y Ricardo Monreal, el presidente Andr\u00e9s Manuel L\u00f3pez Obrador afirm\u00f3 que quienes se dedican a la pol\u00edtica tienen que actuar poniendo por delante los ideales y principios, y anunci\u00f3 que enviar\u00e1 una carta al Congreso para expresar su punto de vista pedirles que no abandonen [&hellip;]<\/p>\n","protected":false},"author":1,"featured_media":10321,"comment_status":"open","ping_status":"open","sticky":true,"template":"","format":"standard","meta":{"footnotes":""},"categories":[2],"tags":[],"_links":{"self":[{"href":"https:\/\/diariodigitalmx.com\/index.php\/wp-json\/wp\/v2\/posts\/10319"}],"collection":[{"href":"https:\/\/diariodigitalmx.com\/index.php\/wp-json\/wp\/v2\/posts"}],"about":[{"href":"https:\/\/diariodigitalmx.com\/index.php\/wp-json\/wp\/v2\/types\/post"}],"author":[{"embeddable":true,"href":"https:\/\/diariodigitalmx.com\/index.php\/wp-json\/wp\/v2\/users\/1"}],"replies":[{"embeddable":true,"href":"https:\/\/diariodigitalmx.com\/index.php\/wp-json\/wp\/v2\/comments?post=10319"}],"version-history":[{"count":1,"href":"https:\/\/diariodigitalmx.com\/index.php\/wp-json\/wp\/v2\/posts\/10319\/revisions"}],"predecessor-version":[{"id":10320,"href":"https:\/\/diariodigitalmx.com\/index.php\/wp-json\/wp\/v2\/posts\/10319\/revisions\/10320"}],"wp:featuredmedia":[{"embeddable":true,"href":"https:\/\/diariodigitalmx.com\/index.php\/wp-json\/wp\/v2\/media\/10321"}],"wp:attachment":[{"href":"https:\/\/diariodigitalmx.com\/index.php\/wp-json\/wp\/v2\/media?parent=10319"}],"wp:term":[{"taxonomy":"category","embeddable":true,"href":"https:\/\/diariodigitalmx.com\/index.php\/wp-json\/wp\/v2\/categories?post=10319"},{"taxonomy":"post_tag","embeddable":true,"href":"https:\/\/diariodigitalmx.com\/index.php\/wp-json\/wp\/v2\/tags?post=10319"}],"curies":[{"name":"wp","href":"https:\/\/api.w.org\/{rel}","templated":true}]}}