{"id":10351,"date":"2019-08-21T07:28:13","date_gmt":"2019-08-21T12:28:13","guid":{"rendered":"http:\/\/diariodigitalmx.com\/?p=10351"},"modified":"2019-08-21T07:31:14","modified_gmt":"2019-08-21T12:31:14","slug":"bambi-hernandez-el-adios-de-un-grande-del-futbol-rapido-profesional","status":"publish","type":"post","link":"https:\/\/diariodigitalmx.com\/index.php\/2019\/08\/21\/bambi-hernandez-el-adios-de-un-grande-del-futbol-rapido-profesional\/","title":{"rendered":"&#8220;Bambi&#8221; Hern\u00e1ndez, el adi\u00f3s de un grande del f\u00fatbol r\u00e1pido profesional"},"content":{"rendered":"\n<p><strong>-Concluye su gran trayectoria iniciada en los Rayados del Monterrey y el Pachuca en el futbol soccer, para emigrar con&nbsp; \u00e9xito  al \u201cdeporte de la pelota de fuego profesional\u201d  con la escuadra de La Raza Monterrey, La Fiera, Flash de Monterrey y RGV y concluir finalmente&nbsp; con el Gokay el pasado fin de semana.<\/strong><\/p>\n\n\n\n<p><br><\/p>\n\n\n\n<figure class=\"wp-block-image\"><img loading=\"lazy\" decoding=\"async\" width=\"683\" height=\"1024\" src=\"http:\/\/diariodigitalmx.com\/wp-content\/uploads\/2019\/08\/con-su-hijo-su-inspiraci\u00f3n-683x1024.jpg\" alt=\"\" class=\"wp-image-10354\" srcset=\"https:\/\/diariodigitalmx.com\/wp-content\/uploads\/2019\/08\/con-su-hijo-su-inspiraci\u00f3n-683x1024.jpg 683w, https:\/\/diariodigitalmx.com\/wp-content\/uploads\/2019\/08\/con-su-hijo-su-inspiraci\u00f3n-200x300.jpg 200w, https:\/\/diariodigitalmx.com\/wp-content\/uploads\/2019\/08\/con-su-hijo-su-inspiraci\u00f3n-768x1152.jpg 768w\" sizes=\"(max-width: 683px) 100vw, 683px\" \/><\/figure>\n\n\n\n<p>Por: Ra\u00fal Emigdio Guevara Ortiz.- Como un grande y con el trofeo de campe\u00f3n en sus manos , \u00c1ngel \u201cEl Bambi\u201d Hern\u00e1ndez&nbsp; pone fin  a su larga trayectoria  como jugador de f\u00fatbol r\u00e1pido profesional, dejando atr\u00e1s p\u00e1ginas gloriosas defendiendo los colores de los equipos regios que represent\u00f3 a nivel nacional e internacional.<br><\/p>\n\n\n\n<p>Aunque sus or\u00edgenes como futbolista se remontan al soccer con el equipo de Rayados de Monterrey posteriormente&nbsp; con los \u201ctuzos\u201d del Pachuca en la Primera A, fue en el f\u00fatbol r\u00e1pido donde mostr\u00f3 sus grandes dotes como un f\u00e9rreo guerrero de la defensiva, donde se convirti\u00f3 en un verdadero dolor de cabeza los delanteros que muchas veces toparon en seco con esta muralla dif\u00edcil de superar.<\/p>\n\n\n\n<p><br><\/p>\n\n\n\n<figure class=\"wp-block-image\"><img loading=\"lazy\" decoding=\"async\" width=\"1024\" height=\"683\" src=\"http:\/\/diariodigitalmx.com\/wp-content\/uploads\/2019\/08\/IMG_9768-1024x683.jpg\" alt=\"\" class=\"wp-image-10357\" srcset=\"https:\/\/diariodigitalmx.com\/wp-content\/uploads\/2019\/08\/IMG_9768-1024x683.jpg 1024w, https:\/\/diariodigitalmx.com\/wp-content\/uploads\/2019\/08\/IMG_9768-300x200.jpg 300w, https:\/\/diariodigitalmx.com\/wp-content\/uploads\/2019\/08\/IMG_9768-768x512.jpg 768w\" sizes=\"(max-width: 1024px) 100vw, 1024px\" \/><\/figure>\n\n\n\n<p>\u201cYo me inici\u00e9 en el f\u00fatbol r\u00e1pido en el 2010 con el equipo de La Raza donde quedamos campeones en el \u00faltimo torneo en el particip\u00f3 el equipo, despu\u00e9s&nbsp; viv\u00ed todo el proceso con  el Flash de Monterrey, jugu\u00e9 tambi\u00e9n en Estados Unidos con La  Fiera, regres\u00e9 al Flash donde todav\u00eda  temporada jugu\u00e9 algunos partidos y concluyendo ahora con el campeonato del Gokay\u201d, comenta \u201cEl Bambi\u201d Hern\u00e1ndez al relatar un breve recorrido de su trayectoria profesional en el f\u00fatbol r\u00e1pido profesional.<\/p>\n\n\n\n<p><br><\/p>\n\n\n\n<figure class=\"wp-block-image\"><img loading=\"lazy\" decoding=\"async\" width=\"1024\" height=\"577\" src=\"http:\/\/diariodigitalmx.com\/wp-content\/uploads\/2019\/08\/gokay-campe\u00f3n-2019-liga-mexicana-futbol-r\u00e1pido-profesional-1024x577.jpg\" alt=\"\" class=\"wp-image-10359\" srcset=\"https:\/\/diariodigitalmx.com\/wp-content\/uploads\/2019\/08\/gokay-campe\u00f3n-2019-liga-mexicana-futbol-r\u00e1pido-profesional-1024x577.jpg 1024w, https:\/\/diariodigitalmx.com\/wp-content\/uploads\/2019\/08\/gokay-campe\u00f3n-2019-liga-mexicana-futbol-r\u00e1pido-profesional-300x169.jpg 300w, https:\/\/diariodigitalmx.com\/wp-content\/uploads\/2019\/08\/gokay-campe\u00f3n-2019-liga-mexicana-futbol-r\u00e1pido-profesional-768x432.jpg 768w, https:\/\/diariodigitalmx.com\/wp-content\/uploads\/2019\/08\/gokay-campe\u00f3n-2019-liga-mexicana-futbol-r\u00e1pido-profesional.jpg 1275w\" sizes=\"(max-width: 1024px) 100vw, 1024px\" \/><\/figure>\n\n\n\n<p>Con amplia experiencia adquirida en los \u00faltimos 9 a\u00f1os de su vida, el jugador regiomontano manifiesta que en su paso por el f\u00fatbol r\u00e1pido la vida le fue muy generosa al dotarlo de muchos amigos, \u201cel f\u00fatbol como a veces ha sido muy injusto, es lo bueno que te deja tambi\u00e9n muy buenas amistades y una experiencia que si volviera a nacer volver\u00eda a vivir\u201d.<br><\/p>\n\n\n\n<p>Originario de la ciudad de Monterrey y con 37 a\u00f1os de edad manifiesta\u00a0 retirarse en plenitud de  condiciones f\u00edsicas y con la gran satisfacci\u00f3n de haber participado con cuatro equipos regiomontanos campeones, La Raza en el 2010, Flash de Monterrey en la Liga Mexicana de F\u00fatbol R\u00e1pido Profesional en el 2011, nuevamente con el Flash en el 2015 pero ahora en la Major Arena Soccer y finalmente con el Gokay en el 2019 dentro de la LMFRPro.<\/p>\n\n\n\n<figure class=\"wp-block-image\"><img loading=\"lazy\" decoding=\"async\" width=\"1024\" height=\"683\" src=\"http:\/\/diariodigitalmx.com\/wp-content\/uploads\/2019\/08\/con-gokay-1024x683.jpg\" alt=\"\" class=\"wp-image-10365\" srcset=\"https:\/\/diariodigitalmx.com\/wp-content\/uploads\/2019\/08\/con-gokay-1024x683.jpg 1024w, https:\/\/diariodigitalmx.com\/wp-content\/uploads\/2019\/08\/con-gokay-300x200.jpg 300w, https:\/\/diariodigitalmx.com\/wp-content\/uploads\/2019\/08\/con-gokay-768x512.jpg 768w\" sizes=\"(max-width: 1024px) 100vw, 1024px\" \/><\/figure>\n\n\n\n<p><br><\/p>\n\n\n\n<figure class=\"wp-block-image\"><img loading=\"lazy\" decoding=\"async\" width=\"1024\" height=\"444\" src=\"http:\/\/diariodigitalmx.com\/wp-content\/uploads\/2019\/08\/campe\u00f3n-2011-flash-2-1024x444.jpg\" alt=\"\" class=\"wp-image-10361\" srcset=\"https:\/\/diariodigitalmx.com\/wp-content\/uploads\/2019\/08\/campe\u00f3n-2011-flash-2-1024x444.jpg 1024w, https:\/\/diariodigitalmx.com\/wp-content\/uploads\/2019\/08\/campe\u00f3n-2011-flash-2-300x130.jpg 300w, https:\/\/diariodigitalmx.com\/wp-content\/uploads\/2019\/08\/campe\u00f3n-2011-flash-2-768x333.jpg 768w, https:\/\/diariodigitalmx.com\/wp-content\/uploads\/2019\/08\/campe\u00f3n-2011-flash-2.jpg 1389w\" sizes=\"(max-width: 1024px) 100vw, 1024px\" \/><\/figure>\n\n\n\n<p>\u201cEstoy feliz y contento de cerrar una etapa en mi vida en el que yo considero que es el mejor deporte que existe hasta el momento, cierro una etapa&nbsp; bien f\u00edsicamente participando y compitiendo a muy alto nivel\u201d, expres\u00f3 Jos\u00e9 \u00c1ngel Hern\u00e1ndez Lara \u201cEl Bambi\u201d<br><\/p>\n\n\n\n<p>A pesar de su retiro como profesional, \u201cBambi\u201d seguir\u00e1&nbsp; compitiendo dentro de los equipos de la Liga de F\u00fatbol R\u00e1pido Casa Bella donde a lo largo de su vida le ha tocado ser parte de muchos equipos y llegando a distinguirse como uno de los mejores defensas en cada uno de los torneos.<br><\/p>\n\n\n\n<p>\u201c\u00c1ngel siempre se ha caracterizado por ser un buen amigo, excelente jugador y mejor persona, siempre fue un l\u00edder dentro y fuera de la cancha y que espero en un futuro apoye a Flash como asesor, auxiliar o porque no alg\u00fan d\u00eda hasta como Director T\u00e9cnico\u201d, expres\u00f3 Gerardo Guerra Lozano, presidente del Monterrey Flash en su mensaje de despedida hacia su jugador que todav\u00eda participara en algunos partidos con&nbsp; el equipo en la temporada 2018-2019 en la Major Arena Soccer League.<\/p>\n\n\n\n<p><br><\/p>\n\n\n\n<figure class=\"wp-block-image\"><img loading=\"lazy\" decoding=\"async\" width=\"800\" height=\"752\" src=\"http:\/\/diariodigitalmx.com\/wp-content\/uploads\/2019\/08\/2015-flash-campe\u00f3n2.jpg\" alt=\"\" class=\"wp-image-10363\" srcset=\"https:\/\/diariodigitalmx.com\/wp-content\/uploads\/2019\/08\/2015-flash-campe\u00f3n2.jpg 800w, https:\/\/diariodigitalmx.com\/wp-content\/uploads\/2019\/08\/2015-flash-campe\u00f3n2-300x282.jpg 300w, https:\/\/diariodigitalmx.com\/wp-content\/uploads\/2019\/08\/2015-flash-campe\u00f3n2-768x722.jpg 768w\" sizes=\"(max-width: 800px) 100vw, 800px\" \/><\/figure>\n\n\n\n<p>Como una forma de reconocimiento por parte de sus compa\u00f1eros del Gokay, durante su \u00faltimo partido como local le realizaron el tradicional pase\u00edllo a su capit\u00e1n, dese\u00e1ndole un gran \u00e9xito en sus nuevas actividades fuera del sint\u00e9tico profesional.<br><\/p>\n\n\n\n<p>Con el trofeo en su poder y las manos levantadas en todo lo alto, en la celebraci\u00f3n del campeonato del Gokay en la Liga Mexicana de F\u00fatbol R\u00e1pido Profesional el pasado s\u00e1bado 17 de agosto en la ciudad de Chihuahua&nbsp; lleg\u00f3 el adi\u00f3s definitivo para \u201cEl Bambi\u201d, no se escuchan las \u201cgolondrinas\u201d, pero sus ojos se llenan de l\u00e1grimas al recordar los  bellos y gloriosos momentos vividos como deportista.<br><\/p>\n","protected":false},"excerpt":{"rendered":"<p>-Concluye su gran trayectoria iniciada en los Rayados del Monterrey y el Pachuca en el futbol soccer, para emigrar con&nbsp; \u00e9xito al \u201cdeporte de la pelota de fuego profesional\u201d con la escuadra de La Raza Monterrey, La Fiera, Flash de Monterrey y RGV y concluir finalmente&nbsp; con el Gokay el pasado fin de semana. Por: [&hellip;]<\/p>\n","protected":false},"author":1,"featured_media":10353,"comment_status":"open","ping_status":"open","sticky":true,"template":"","format":"standard","meta":{"footnotes":""},"categories":[8],"tags":[],"_links":{"self":[{"href":"https:\/\/diariodigitalmx.com\/index.php\/wp-json\/wp\/v2\/posts\/10351"}],"collection":[{"href":"https:\/\/diariodigitalmx.com\/index.php\/wp-json\/wp\/v2\/posts"}],"about":[{"href":"https:\/\/diariodigitalmx.com\/index.php\/wp-json\/wp\/v2\/types\/post"}],"author":[{"embeddable":true,"href":"https:\/\/diariodigitalmx.com\/index.php\/wp-json\/wp\/v2\/users\/1"}],"replies":[{"embeddable":true,"href":"https:\/\/diariodigitalmx.com\/index.php\/wp-json\/wp\/v2\/comments?post=10351"}],"version-history":[{"count":7,"href":"https:\/\/diariodigitalmx.com\/index.php\/wp-json\/wp\/v2\/posts\/10351\/revisions"}],"predecessor-version":[{"id":10366,"href":"https:\/\/diariodigitalmx.com\/index.php\/wp-json\/wp\/v2\/posts\/10351\/revisions\/10366"}],"wp:featuredmedia":[{"embeddable":true,"href":"https:\/\/diariodigitalmx.com\/index.php\/wp-json\/wp\/v2\/media\/10353"}],"wp:attachment":[{"href":"https:\/\/diariodigitalmx.com\/index.php\/wp-json\/wp\/v2\/media?parent=10351"}],"wp:term":[{"taxonomy":"category","embeddable":true,"href":"https:\/\/diariodigitalmx.com\/index.php\/wp-json\/wp\/v2\/categories?post=10351"},{"taxonomy":"post_tag","embeddable":true,"href":"https:\/\/diariodigitalmx.com\/index.php\/wp-json\/wp\/v2\/tags?post=10351"}],"curies":[{"name":"wp","href":"https:\/\/api.w.org\/{rel}","templated":true}]}}