{"id":103593,"date":"2023-08-11T01:57:26","date_gmt":"2023-08-11T06:57:26","guid":{"rendered":"http:\/\/diariodigitalmx.com\/?p=103593"},"modified":"2023-08-11T02:07:14","modified_gmt":"2023-08-11T07:07:14","slug":"anuncia-monterrey-tercer-festival-de-la-cumbia-celso-pina-2023","status":"publish","type":"post","link":"https:\/\/diariodigitalmx.com\/index.php\/2023\/08\/11\/anuncia-monterrey-tercer-festival-de-la-cumbia-celso-pina-2023\/","title":{"rendered":"Anuncia Monterrey tercer Festival de la Cumbia Celso Pi\u00f1a 2023"},"content":{"rendered":"\n<figure class=\"wp-block-image size-large\"><img loading=\"lazy\" decoding=\"async\" width=\"1024\" height=\"683\" src=\"http:\/\/diariodigitalmx.com\/wp-content\/uploads\/2023\/08\/RP-2-1024x683.jpg\" alt=\"\" class=\"wp-image-103600\" srcset=\"https:\/\/diariodigitalmx.com\/wp-content\/uploads\/2023\/08\/RP-2-1024x683.jpg 1024w, https:\/\/diariodigitalmx.com\/wp-content\/uploads\/2023\/08\/RP-2-300x200.jpg 300w, https:\/\/diariodigitalmx.com\/wp-content\/uploads\/2023\/08\/RP-2-768x512.jpg 768w, https:\/\/diariodigitalmx.com\/wp-content\/uploads\/2023\/08\/RP-2-1536x1024.jpg 1536w, https:\/\/diariodigitalmx.com\/wp-content\/uploads\/2023\/08\/RP-2-2048x1365.jpg 2048w\" sizes=\"(max-width: 1024px) 100vw, 1024px\" \/><\/figure>\n\n\n\n<p>Para honrar a uno de los m\u00fasicos m\u00e1s emblem\u00e1ticos de Monterrey se celebrar\u00e1 el tercer Festival de la Cumbia Celso Pi\u00f1a 2023.<\/p>\n\n\n\n<p>En el anuncio del evento, el Presidente Municipal Luis Donaldo Colosio Riojas, agradeci\u00f3 a la familia del ic\u00f3nico artista por apoyar en la organizaci\u00f3n del festival para recordar el cuarto aniversario luctuoso del Rey del acorde\u00f3n.<\/p>\n\n\n\n<p>Record\u00f3 que Celso Pi\u00f1a con su m\u00fasica dej\u00f3 un legado no solo a esta ciudad, sino al mundo entero.<\/p>\n\n\n\n<figure class=\"wp-block-image size-large\"><img loading=\"lazy\" decoding=\"async\" width=\"1024\" height=\"683\" src=\"http:\/\/diariodigitalmx.com\/wp-content\/uploads\/2023\/08\/RP-1-1024x683.jpg\" alt=\"\" class=\"wp-image-103597\" srcset=\"https:\/\/diariodigitalmx.com\/wp-content\/uploads\/2023\/08\/RP-1-1024x683.jpg 1024w, https:\/\/diariodigitalmx.com\/wp-content\/uploads\/2023\/08\/RP-1-300x200.jpg 300w, https:\/\/diariodigitalmx.com\/wp-content\/uploads\/2023\/08\/RP-1-768x512.jpg 768w, https:\/\/diariodigitalmx.com\/wp-content\/uploads\/2023\/08\/RP-1-1536x1024.jpg 1536w, https:\/\/diariodigitalmx.com\/wp-content\/uploads\/2023\/08\/RP-1-2048x1365.jpg 2048w\" sizes=\"(max-width: 1024px) 100vw, 1024px\" \/><\/figure>\n\n\n\n<p>\u201cUn arte que nace desde lo m\u00e1s urbano del coraz\u00f3n de Monterrey, que le da una identidad como pocas cosas se la dan a una regi\u00f3n, no solamente de M\u00e9xico, sino del mundo como es la cumbia colombiana con ese toque regiomontano que solamente la gente de esta ciudad, de este estado sabe, conoce, vive y vibra\u201d.<\/p>\n\n\n\n<p>Betsab\u00e9 Rocha Nieto, Secretaria de Desarrollo Econ\u00f3mico explic\u00f3 que se espera cuando menos la misma cantidad de asistentes del a\u00f1o pasado que oscila en 10 mil personas repartidas en distintos horarios.<\/p>\n\n\n\n<p>La presidenta de la agrupaci\u00f3n \u201cCelso Pi\u00f1a A.C\u201d, Ver\u00f3nica Pi\u00f1a, inform\u00f3 que estar\u00e1n amenizando 10 grupos con m\u00fasica vallenata el evento que arrancar\u00e1 a las tres de la tarde.<\/p>\n\n\n\n<p>Enumer\u00f3 a algunos artistas como la Ronda Bogot\u00e1, Yeison Landero, Gaby Due\u00f1ez, Los Socios de la Cumbia, Onda Vallenata, entre otros.<\/p>\n","protected":false},"excerpt":{"rendered":"<p>Para honrar a uno de los m\u00fasicos m\u00e1s emblem\u00e1ticos de Monterrey se celebrar\u00e1 el tercer Festival de la Cumbia Celso Pi\u00f1a 2023. En el anuncio del evento, el Presidente Municipal Luis Donaldo Colosio Riojas, agradeci\u00f3 a la familia del ic\u00f3nico artista por apoyar en la organizaci\u00f3n del festival para recordar el cuarto aniversario luctuoso del [&hellip;]<\/p>\n","protected":false},"author":1,"featured_media":103595,"comment_status":"open","ping_status":"open","sticky":true,"template":"","format":"standard","meta":{"footnotes":""},"categories":[11,14],"tags":[],"_links":{"self":[{"href":"https:\/\/diariodigitalmx.com\/index.php\/wp-json\/wp\/v2\/posts\/103593"}],"collection":[{"href":"https:\/\/diariodigitalmx.com\/index.php\/wp-json\/wp\/v2\/posts"}],"about":[{"href":"https:\/\/diariodigitalmx.com\/index.php\/wp-json\/wp\/v2\/types\/post"}],"author":[{"embeddable":true,"href":"https:\/\/diariodigitalmx.com\/index.php\/wp-json\/wp\/v2\/users\/1"}],"replies":[{"embeddable":true,"href":"https:\/\/diariodigitalmx.com\/index.php\/wp-json\/wp\/v2\/comments?post=103593"}],"version-history":[{"count":5,"href":"https:\/\/diariodigitalmx.com\/index.php\/wp-json\/wp\/v2\/posts\/103593\/revisions"}],"predecessor-version":[{"id":103604,"href":"https:\/\/diariodigitalmx.com\/index.php\/wp-json\/wp\/v2\/posts\/103593\/revisions\/103604"}],"wp:featuredmedia":[{"embeddable":true,"href":"https:\/\/diariodigitalmx.com\/index.php\/wp-json\/wp\/v2\/media\/103595"}],"wp:attachment":[{"href":"https:\/\/diariodigitalmx.com\/index.php\/wp-json\/wp\/v2\/media?parent=103593"}],"wp:term":[{"taxonomy":"category","embeddable":true,"href":"https:\/\/diariodigitalmx.com\/index.php\/wp-json\/wp\/v2\/categories?post=103593"},{"taxonomy":"post_tag","embeddable":true,"href":"https:\/\/diariodigitalmx.com\/index.php\/wp-json\/wp\/v2\/tags?post=103593"}],"curies":[{"name":"wp","href":"https:\/\/api.w.org\/{rel}","templated":true}]}}